{"id":59861,"date":"2018-08-04T17:52:43","date_gmt":"2018-08-04T20:52:43","guid":{"rendered":"http:\/\/caririemacao.com\/1\/?p=59861"},"modified":"2018-08-04T17:52:43","modified_gmt":"2018-08-04T20:52:43","slug":"convencao-do-psb-confirma-joao-azevedo-e-ligia-feliciano-na-cabeca-da-chapa-para-governo-da-pb","status":"publish","type":"post","link":"https:\/\/www.caririemacao.com\/1\/2018\/08\/04\/convencao-do-psb-confirma-joao-azevedo-e-ligia-feliciano-na-cabeca-da-chapa-para-governo-da-pb\/","title":{"rendered":"Conven\u00e7\u00e3o do PSB confirma Jo\u00e3o Azev\u00eado e L\u00edgia Feliciano na cabe\u00e7a da chapa para governo da PB"},"content":{"rendered":"<p>Durante conven\u00e7\u00e3o realizada na tarde deste s\u00e1bado (4), foram confirmados os nomes de Jo\u00e3o Azev\u00eado (PSB) como candidato a governador, L\u00edgia Feliciano (PDT) como candidata a vice governadora e os deputados Veneziano (PSB) e Luiz Couto (PT) para a disputa ao Senado.<\/p>\n<p>O evento aconteceu na casa de shows Forrock, que ficou lotada com a milit\u00e2ncia. Os membros da chapa majorit\u00e1ria subiram ao palco, junto com o governador Ricardo Coutinho (PSB) por volta das 16h30, ovacionados pela plateia. Alguns nomes que tinham sido \u2018cortejados\u2019 pela oposi\u00e7\u00e3o, como so deputados Wilson Santiago (MDB) e Efraim Filho (DEM), estavam no palco.\u00a0Com o slogan \u2018Vamos com Jo\u00e3o\u2019, o grupo que apoia a candidatura de\u00a0Jo\u00e3o Azev\u00eado\u00a0conta com pelo menos 14 partidos.<\/p>\n<p>A\u00a0presen\u00e7a de L\u00edgia na chapa majorit\u00e1ria s\u00f3 foi definida na noite de sexta-feira\u00a0(3). Antes disso, ela tinha chegado a ventilar uma pr\u00e9-candidatura. L\u00edgia j\u00e1 \u00e9 a atual vice-governadora, leita em 2014 com Ricardo Coutinho (PSB). Ela tamb\u00e9m vai coordenar a campanha da coliga\u00e7\u00e3o na regi\u00e3o de Campina Grande.<\/p>\n<p>J\u00e1 o posicionamento de\u00a0Luis Couto para compor a chapa foi celebrado na segunda-feira\u00a0(30), dias depois do\u00a0deputado federal anunciar que precisava do apoio da Executiva nacional do partido para tomar a decis\u00e3o. Isso porque uma carta dos diret\u00f3rios municipais do partido na Para\u00edba defendia o lan\u00e7amento de uma candidatura pr\u00f3pria do PT ao governo, mas ele pr\u00f3prio j\u00e1 defendia a alian\u00e7a com o PSB.<\/p>\n<p>A presen\u00e7a de Veneziano, no entanto,\u00a0j\u00e1 tinha sido anunciada durante o lan\u00e7amento da pr\u00e9-candidatura de Jo\u00e3o, no in\u00edcio de abril. No dia do evento o ex-MDB j\u00e1 tinha anunciado\u00a0que se filiaria ao PSB\u00a0o prop\u00f3sito de disputar uma vaga no Senado Federal.<\/p>\n<h4>Confira a lista dos partidos que est\u00e3o na coliga\u00e7\u00e3o<\/h4>\n<ul>\n<li>Rede<\/li>\n<li>PT<\/li>\n<li>PCdoB<\/li>\n<li>PPL<\/li>\n<li>PROS<\/li>\n<li>AVANTE<\/li>\n<li>PRP<\/li>\n<li>PMN<\/li>\n<li>PPS<\/li>\n<li>Podemos<\/li>\n<li>PTB<\/li>\n<li>DEM<\/li>\n<li>PRB<\/li>\n<li>PSB<\/li>\n<\/ul>\n<p style=\"text-align: right;\"><em><strong>Jornal da Para\u00edba\/Foto: Suetoni Souto Maior<\/strong><\/em><\/p>\n","protected":false},"excerpt":{"rendered":"<p>Durante conven\u00e7\u00e3o realizada na tarde deste s\u00e1bado (4), foram confirmados os nomes de Jo\u00e3o Azev\u00eado (PSB) como candidato a governador, L\u00edgia Feliciano (PDT) como candidata&hellip; <\/p>\n","protected":false},"author":1,"featured_media":59862,"comment_status":"closed","ping_status":"closed","sticky":false,"template":"","format":"standard","meta":{"sfsi_plus_gutenberg_text_before_share":"","sfsi_plus_gutenberg_show_text_before_share":"","sfsi_plus_gutenberg_icon_type":"","sfsi_plus_gutenberg_icon_alignemt":"","sfsi_plus_gutenburg_max_per_row":"","footnotes":""},"categories":[1],"tags":[],"class_list":["post-59861","post","type-post","status-publish","format-standard","has-post-thumbnail","hentry","category-o-site"],"_links":{"self":[{"href":"https:\/\/www.caririemacao.com\/1\/wp-json\/wp\/v2\/posts\/59861","targetHints":{"allow":["GET"]}}],"collection":[{"href":"https:\/\/www.caririemacao.com\/1\/wp-json\/wp\/v2\/posts"}],"about":[{"href":"https:\/\/www.caririemacao.com\/1\/wp-json\/wp\/v2\/types\/post"}],"author":[{"embeddable":true,"href":"https:\/\/www.caririemacao.com\/1\/wp-json\/wp\/v2\/users\/1"}],"replies":[{"embeddable":true,"href":"https:\/\/www.caririemacao.com\/1\/wp-json\/wp\/v2\/comments?post=59861"}],"version-history":[{"count":1,"href":"https:\/\/www.caririemacao.com\/1\/wp-json\/wp\/v2\/posts\/59861\/revisions"}],"predecessor-version":[{"id":59863,"href":"https:\/\/www.caririemacao.com\/1\/wp-json\/wp\/v2\/posts\/59861\/revisions\/59863"}],"wp:featuredmedia":[{"embeddable":true,"href":"https:\/\/www.caririemacao.com\/1\/wp-json\/wp\/v2\/media\/59862"}],"wp:attachment":[{"href":"https:\/\/www.caririemacao.com\/1\/wp-json\/wp\/v2\/media?parent=59861"}],"wp:term":[{"taxonomy":"category","embeddable":true,"href":"https:\/\/www.caririemacao.com\/1\/wp-json\/wp\/v2\/categories?post=59861"},{"taxonomy":"post_tag","embeddable":true,"href":"https:\/\/www.caririemacao.com\/1\/wp-json\/wp\/v2\/tags?post=59861"}],"curies":[{"name":"wp","href":"https:\/\/api.w.org\/{rel}","templated":true}]}}