{"id":59867,"date":"2018-08-04T18:00:22","date_gmt":"2018-08-04T21:00:22","guid":{"rendered":"http:\/\/caririemacao.com\/1\/?p=59867"},"modified":"2018-08-05T00:10:33","modified_gmt":"2018-08-05T03:10:33","slug":"pt-ignora-prisao-e-confirma-lula-como-candidato-a-presidente","status":"publish","type":"post","link":"https:\/\/www.caririemacao.com\/1\/2018\/08\/04\/pt-ignora-prisao-e-confirma-lula-como-candidato-a-presidente\/","title":{"rendered":"PT ignora pris\u00e3o e confirma Lula como candidato a presidente"},"content":{"rendered":"<p>Em conven\u00e7\u00e3o nacional, o PT confirmou neste s\u00e1bado (4), na capital paulista, a candidatura de Luiz In\u00e1cio Lula da Silva \u00e0 Presid\u00eancia da Rep\u00fablica. A escolha foi por aclama\u00e7\u00e3o.<\/p>\n<p>O partido n\u00e3o decidiu quem ser\u00e1 o vice na chapa com Lula. Na conven\u00e7\u00e3o, ficou definido que ser\u00e3o\u00a0realizadas\u00a0caravanas saindo de todos os estados at\u00e9 Bras\u00edlia no dia 15 de agosto, prazo final para apresenta\u00e7\u00e3o de pedidos de registro de candidaturas ao Tribunal Superior Eleitoral (TSE).<\/p>\n<p>O ex-presidente Luiz In\u00e1cio Lula da Silva\u00a0est\u00e1 preso em Curitiba, desde\u00a07 de abril, ap\u00f3s ter sido condenado a 12 anos e um m\u00eas de pris\u00e3o por corrup\u00e7\u00e3o e lavagem de dinheiro, em segunda inst\u00e2ncia, no caso do triplex de Guaruj\u00e1.<\/p>\n<p>Lula encaminhou uma carta para ser lida durante a conven\u00e7\u00e3o. No texto, ele afirma que a democracia est\u00e1 \u201camea\u00e7ada\u201d. \u201cAgora querem fazer uma elei\u00e7\u00e3o presidencial de cartas marcadas, excluindo o nome que est\u00e1 \u00e0 frente na prefer\u00eancia popular em todas as pesquisas\u201d, diz.<\/p>\n<p>O ex-presidente afirmou ainda que confia no reencontro com a milit\u00e2ncia. \u201cDe onde me encontro, estou sempre renovando minha f\u00e9 de que o dia do nosso reencontro vir\u00e1, pela vontade do povo brasileiro\u201d.<\/p>\n<p>O comado do PT aguarda a an\u00e1lise do registro da candidatura de Lula. Caber\u00e1 ao Supremo Tribunal Federal (STF)\u00a0dar a palavra final sobre a pris\u00e3o de Lula e se ele estar\u00e1 apto a concorrer, j\u00e1 que a Lei da Ficha Limpa impedi candidaturas de condenados em segunda inst\u00e2ncia. O julgamento \u00e9 esperado para os pr\u00f3ximos dias.<\/p>\n<p>O PT divulgou\u00a0ontem\u00a0(3) os pilares do programa para o \u201cPr\u00f3ximo Governo Lula (2019-2022)\u201d que re\u00fane cinco eixos. S\u00e3o eles: \u201csoberania nacional e popular na refunda\u00e7\u00e3o democr\u00e1tica do Brasil\u201d; \u201cpromover um novo per\u00edodo hist\u00f3rico de afirma\u00e7\u00e3o de direitos\u201d, \u201cnovo pacto federativo para promo\u00e7\u00e3o dos direitos sociais\u201d, \u201cpromover um novo modelo de desenvolvimento\u201d e \u201ctransi\u00e7\u00e3o ecol\u00f3gica para a nova sociedade do s\u00e9culo XXI\u201d.<\/p>\n<p style=\"text-align: right;\"><strong><em>Portal cCrreio\/Foto:internet<\/em><\/strong><\/p>\n","protected":false},"excerpt":{"rendered":"<p>Em conven\u00e7\u00e3o nacional, o PT confirmou neste s\u00e1bado (4), na capital paulista, a candidatura de Luiz In\u00e1cio Lula da Silva \u00e0 Presid\u00eancia da Rep\u00fablica. A&hellip; <\/p>\n","protected":false},"author":1,"featured_media":46618,"comment_status":"closed","ping_status":"closed","sticky":false,"template":"","format":"standard","meta":{"sfsi_plus_gutenberg_text_before_share":"","sfsi_plus_gutenberg_show_text_before_share":"","sfsi_plus_gutenberg_icon_type":"","sfsi_plus_gutenberg_icon_alignemt":"","sfsi_plus_gutenburg_max_per_row":"","footnotes":""},"categories":[11],"tags":[],"class_list":["post-59867","post","type-post","status-publish","format-standard","has-post-thumbnail","hentry","category-politica"],"_links":{"self":[{"href":"https:\/\/www.caririemacao.com\/1\/wp-json\/wp\/v2\/posts\/59867","targetHints":{"allow":["GET"]}}],"collection":[{"href":"https:\/\/www.caririemacao.com\/1\/wp-json\/wp\/v2\/posts"}],"about":[{"href":"https:\/\/www.caririemacao.com\/1\/wp-json\/wp\/v2\/types\/post"}],"author":[{"embeddable":true,"href":"https:\/\/www.caririemacao.com\/1\/wp-json\/wp\/v2\/users\/1"}],"replies":[{"embeddable":true,"href":"https:\/\/www.caririemacao.com\/1\/wp-json\/wp\/v2\/comments?post=59867"}],"version-history":[{"count":1,"href":"https:\/\/www.caririemacao.com\/1\/wp-json\/wp\/v2\/posts\/59867\/revisions"}],"predecessor-version":[{"id":59868,"href":"https:\/\/www.caririemacao.com\/1\/wp-json\/wp\/v2\/posts\/59867\/revisions\/59868"}],"wp:featuredmedia":[{"embeddable":true,"href":"https:\/\/www.caririemacao.com\/1\/wp-json\/wp\/v2\/media\/46618"}],"wp:attachment":[{"href":"https:\/\/www.caririemacao.com\/1\/wp-json\/wp\/v2\/media?parent=59867"}],"wp:term":[{"taxonomy":"category","embeddable":true,"href":"https:\/\/www.caririemacao.com\/1\/wp-json\/wp\/v2\/categories?post=59867"},{"taxonomy":"post_tag","embeddable":true,"href":"https:\/\/www.caririemacao.com\/1\/wp-json\/wp\/v2\/tags?post=59867"}],"curies":[{"name":"wp","href":"https:\/\/api.w.org\/{rel}","templated":true}]}}