{"id":59869,"date":"2018-08-04T21:45:23","date_gmt":"2018-08-05T00:45:23","guid":{"rendered":"http:\/\/caririemacao.com\/1\/?p=59869"},"modified":"2018-08-04T21:45:23","modified_gmt":"2018-08-05T00:45:23","slug":"liderancas-do-cariri-prestigiam-convencao-do-psb-em-joao-pessoa","status":"publish","type":"post","link":"https:\/\/www.caririemacao.com\/1\/2018\/08\/04\/liderancas-do-cariri-prestigiam-convencao-do-psb-em-joao-pessoa\/","title":{"rendered":"Lideran\u00e7as do Cariri prestigiam conven\u00e7\u00e3o do PSB em Jo\u00e3o Pessoa"},"content":{"rendered":"<p>A conven\u00e7\u00e3o que homologou a chapa formada por Jo\u00e3o Azev\u00eado (PSB), L\u00edgia Feliciano (PDT), Veneziano Vital do R\u00eago (PSB) e Luiz Couto (PT) recebeu lideran\u00e7as pol\u00edticas de toda Para\u00edba.<\/p>\n<p>O\u00a0Portal esteve cobrindo o evento e registrou a presen\u00e7a de lideran\u00e7as de todas as cidades do cariri paraibano.<\/p>\n<p>Um dos destaques da regi\u00e3o foi a cidade de Monteiro que contou com a presen\u00e7a da Prefeita Anna Lorena, que esteve durante todo o evento ao lado do pr\u00e9-candidato a deputado estadual, Carlos Batinga.<\/p>\n<p>Al\u00e9m de Monteiro, lideran\u00e7as de Sum\u00e9, Serra Branca, S\u00e3o Jo\u00e3o do Cariri, Gurj\u00e3o, Juazeirinho, Prata, Boa Vista, Santo Andr\u00e9, Parari, S\u00e3o Jos\u00e9 dos Cordeiros, Tapero\u00e1, Livramento, Cabaceiras, entre outros munic\u00edpios da regi\u00e3o participaram.<\/p>\n<p style=\"text-align: right;\"><strong><em>Com\u00a0Para\u00edbaMix\/Foto:Reprodu\u00e7\u00e3o\u00a0<\/em><\/strong><\/p>\n","protected":false},"excerpt":{"rendered":"<p>A conven\u00e7\u00e3o que homologou a chapa formada por Jo\u00e3o Azev\u00eado (PSB), L\u00edgia Feliciano (PDT), Veneziano Vital do R\u00eago (PSB) e Luiz Couto (PT) recebeu lideran\u00e7as&hellip; <\/p>\n","protected":false},"author":1,"featured_media":59878,"comment_status":"closed","ping_status":"closed","sticky":false,"template":"","format":"standard","meta":{"sfsi_plus_gutenberg_text_before_share":"","sfsi_plus_gutenberg_show_text_before_share":"","sfsi_plus_gutenberg_icon_type":"","sfsi_plus_gutenberg_icon_alignemt":"","sfsi_plus_gutenburg_max_per_row":"","footnotes":""},"categories":[6],"tags":[],"class_list":["post-59869","post","type-post","status-publish","format-standard","has-post-thumbnail","hentry","category-cidades"],"_links":{"self":[{"href":"https:\/\/www.caririemacao.com\/1\/wp-json\/wp\/v2\/posts\/59869","targetHints":{"allow":["GET"]}}],"collection":[{"href":"https:\/\/www.caririemacao.com\/1\/wp-json\/wp\/v2\/posts"}],"about":[{"href":"https:\/\/www.caririemacao.com\/1\/wp-json\/wp\/v2\/types\/post"}],"author":[{"embeddable":true,"href":"https:\/\/www.caririemacao.com\/1\/wp-json\/wp\/v2\/users\/1"}],"replies":[{"embeddable":true,"href":"https:\/\/www.caririemacao.com\/1\/wp-json\/wp\/v2\/comments?post=59869"}],"version-history":[{"count":1,"href":"https:\/\/www.caririemacao.com\/1\/wp-json\/wp\/v2\/posts\/59869\/revisions"}],"predecessor-version":[{"id":59879,"href":"https:\/\/www.caririemacao.com\/1\/wp-json\/wp\/v2\/posts\/59869\/revisions\/59879"}],"wp:featuredmedia":[{"embeddable":true,"href":"https:\/\/www.caririemacao.com\/1\/wp-json\/wp\/v2\/media\/59878"}],"wp:attachment":[{"href":"https:\/\/www.caririemacao.com\/1\/wp-json\/wp\/v2\/media?parent=59869"}],"wp:term":[{"taxonomy":"category","embeddable":true,"href":"https:\/\/www.caririemacao.com\/1\/wp-json\/wp\/v2\/categories?post=59869"},{"taxonomy":"post_tag","embeddable":true,"href":"https:\/\/www.caririemacao.com\/1\/wp-json\/wp\/v2\/tags?post=59869"}],"curies":[{"name":"wp","href":"https:\/\/api.w.org\/{rel}","templated":true}]}}