{"id":59880,"date":"2018-08-04T21:48:20","date_gmt":"2018-08-05T00:48:20","guid":{"rendered":"http:\/\/caririemacao.com\/1\/?p=59880"},"modified":"2018-08-05T14:24:24","modified_gmt":"2018-08-05T17:24:24","slug":"reunindo-15-mil-pessoas-convencao-do-psb-oficializa-candidaturas-de-joao-ligia-veneziano-e-luiz-couto","status":"publish","type":"post","link":"https:\/\/www.caririemacao.com\/1\/2018\/08\/04\/reunindo-15-mil-pessoas-convencao-do-psb-oficializa-candidaturas-de-joao-ligia-veneziano-e-luiz-couto\/","title":{"rendered":"Reunindo 15 mil pessoas, Conven\u00e7\u00e3o do PSB oficializa candidaturas de Jo\u00e3o, L\u00edgia, Veneziano e Luiz Couto"},"content":{"rendered":"<p>O Forrock alaranjou por completo e ficou pequeno na tarde deste s\u00e1bado (14). Mais de 15 mil pessoas lotaram a casa de shows, situada na estrada de Cabedelo, para acompanhar a Conven\u00e7\u00e3o Estadual do PSB, que homologou a chapa formada por Jo\u00e3o Azev\u00eado (PSB), L\u00edgia Feliciano (PDT), Veneziano Vital do R\u00eago (PSB) e Luiz Couto (PT). A multid\u00e3o foi t\u00e3o grande, que muita gente acabou ficando de fora.<\/p>\n<p>Na maior conven\u00e7\u00e3o da hist\u00f3ria pol\u00edtica da Para\u00edba, Jo\u00e3o Azev\u00eado foi confirmado como candidato a governador, com a miss\u00e3o de dar sequ\u00eancia ao projeto administrativo que tem revolucionado o Estado, iniciado por Ricardo Coutinho, em 2011.<\/p>\n<p>A coliga\u00e7\u00e3o \u2018A For\u00e7a do Trabalho\u2019 ter\u00e1 ainda a pedetista L\u00edgia Feliciano como candidata a vice-governadora e os deputados fedeais Veneziano e Luiz Couto como candidatos ao Senado Federal. \u201cAqui est\u00e1 a chapa da vit\u00f3ria do povo da Para\u00edba\u201d, disse o goveernador Ricardo Coutinho ao chegar no Forrock, na companhia de Jo\u00e3o.<\/p>\n<p>Formada por 14 partidos \u2013 PSB, PDT, PT, Democratas, PPS, Avante, PTB, PRP, Podemos, PCdoB, PRB, PROS, PMN e Rede -, a coliga\u00e7\u00e3o \u2018A For\u00e7a do Trabalho\u2019 contar\u00e1 tamb\u00e9m com dezenas de candidatos \u00e0 Assembleia Legislativa da Para\u00edba e C\u00e2mara dos Deputados.<\/p>\n<p>Emocionado, Jo\u00e3o Azev\u00eado declarou que a Para\u00edba, em menos de uma d\u00e9cada, vive um novo tempo de mudan\u00e7as e, principalmente, de evolu\u00e7\u00e3o. E para continuar avan\u00e7ando, \u00e9 preciso que d\u00ea continuidade ao projeto pol\u00edtico-administrativo que ele representa.<\/p>\n<p>\u201cEu sei que que cada um que est\u00e1 aqui acredita no projeto que abra\u00e7ou e desenvolveu os quatro cantos desse Estado. Esse \u00e9 um projeto que em pouco tempo fez com que a Para\u00edba esquecesse o que \u00e9 viver de sobras, como antigamente. S\u00f3 \u00e9 poss\u00edvel promover mais desenvolvimento se dermos continuidade a esse projeto, que implanta desde 2011, mudan\u00e7as profundas na forma de gerir e pol\u00edticas p\u00fablicas antes inexistentes. Esse governo teve a capacidade de ouvir mais de 250 mil pessoas para saber sobre seus anseios, no Or\u00e7amento Democr\u00e1tico. \u00c9 assim que se comanda um Estado, isso \u00e9 pol\u00edtica\u201d, defendeu.<\/p>\n<p>Presidente de honra do PSB, o governador Ricardo Coutinho, destacou que a multid\u00e3o presente na conven\u00e7\u00e3o \u00e9 a prova de que o povo paraibano reconhece a for\u00e7a do trabalho da gest\u00e3o do PSB no Governo do Estado.<\/p>\n<p>\u201cEssa \u00e9 a maior celebra\u00e7\u00e3o pol\u00edtica que a Para\u00edba j\u00e1 assistiu. Estamos fazendo hist\u00f3ria hoje. Depois de oito anos, a nossa chapa consegue atrair uma multid\u00e3o incalcul\u00e1vel. Gente de toda a Para\u00edba, gente que h\u00e1 oito anos n\u00e3o conseguia sair de suas cidades sem passar por uma estrada que n\u00e3o tinha asfalto. Aqui, temos o pr\u00f3ximo governador do nosso Estado. N\u00e3o h\u00e1 nome melhor para tocar a Para\u00edba em seus desafios e avan\u00e7os que n\u00e3o seja Jo\u00e3o Azev\u00eado. Ele conhece profundamente tudo aquilo que eu pude representar durante todo este tempo. Jo\u00e3o vai aprofundar as mudan\u00e7as que todos n\u00f3s constru\u00edmos. Ele e seus companheiros de chapa v\u00e3o fazer com que o atraso desapare\u00e7a\u201d, afirmou.<\/p>\n<p><a href=\"https:\/\/www.facebook.com\/pg\/CaririEmAcao\/photos\/?tab=album&amp;album_id=1321693684633318\"><strong>Confira \u00c1lbum de Fotos do evento em Jo\u00e3o Pessoa<\/strong><\/a><\/p>\n","protected":false},"excerpt":{"rendered":"<p>O Forrock alaranjou por completo e ficou pequeno na tarde deste s\u00e1bado (14). Mais de 15 mil pessoas lotaram a casa de shows, situada na&hellip; <\/p>\n","protected":false},"author":1,"featured_media":59862,"comment_status":"closed","ping_status":"closed","sticky":false,"template":"","format":"standard","meta":{"sfsi_plus_gutenberg_text_before_share":"","sfsi_plus_gutenberg_show_text_before_share":"","sfsi_plus_gutenberg_icon_type":"","sfsi_plus_gutenberg_icon_alignemt":"","sfsi_plus_gutenburg_max_per_row":"","footnotes":""},"categories":[2],"tags":[],"class_list":["post-59880","post","type-post","status-publish","format-standard","has-post-thumbnail","hentry","category-geral"],"_links":{"self":[{"href":"https:\/\/www.caririemacao.com\/1\/wp-json\/wp\/v2\/posts\/59880","targetHints":{"allow":["GET"]}}],"collection":[{"href":"https:\/\/www.caririemacao.com\/1\/wp-json\/wp\/v2\/posts"}],"about":[{"href":"https:\/\/www.caririemacao.com\/1\/wp-json\/wp\/v2\/types\/post"}],"author":[{"embeddable":true,"href":"https:\/\/www.caririemacao.com\/1\/wp-json\/wp\/v2\/users\/1"}],"replies":[{"embeddable":true,"href":"https:\/\/www.caririemacao.com\/1\/wp-json\/wp\/v2\/comments?post=59880"}],"version-history":[{"count":3,"href":"https:\/\/www.caririemacao.com\/1\/wp-json\/wp\/v2\/posts\/59880\/revisions"}],"predecessor-version":[{"id":59985,"href":"https:\/\/www.caririemacao.com\/1\/wp-json\/wp\/v2\/posts\/59880\/revisions\/59985"}],"wp:featuredmedia":[{"embeddable":true,"href":"https:\/\/www.caririemacao.com\/1\/wp-json\/wp\/v2\/media\/59862"}],"wp:attachment":[{"href":"https:\/\/www.caririemacao.com\/1\/wp-json\/wp\/v2\/media?parent=59880"}],"wp:term":[{"taxonomy":"category","embeddable":true,"href":"https:\/\/www.caririemacao.com\/1\/wp-json\/wp\/v2\/categories?post=59880"},{"taxonomy":"post_tag","embeddable":true,"href":"https:\/\/www.caririemacao.com\/1\/wp-json\/wp\/v2\/tags?post=59880"}],"curies":[{"name":"wp","href":"https:\/\/api.w.org\/{rel}","templated":true}]}}