{"id":59882,"date":"2018-08-04T21:53:33","date_gmt":"2018-08-05T00:53:33","guid":{"rendered":"http:\/\/caririemacao.com\/1\/?p=59882"},"modified":"2018-08-04T21:53:33","modified_gmt":"2018-08-05T00:53:33","slug":"eva-gouveia-sera-a-suplente-de-cassio-cunha-lima","status":"publish","type":"post","link":"https:\/\/www.caririemacao.com\/1\/2018\/08\/04\/eva-gouveia-sera-a-suplente-de-cassio-cunha-lima\/","title":{"rendered":"Eva Gouveia ser\u00e1 a suplente de C\u00e1ssio Cunha Lima"},"content":{"rendered":"<p>O senador C\u00e1ssio Cunha Lima (PSDB), definiu que uma das supl\u00eancias de sua chapa \u00e0 reelei\u00e7\u00e3o ser\u00e1 ocupada pelo PSD, atrav\u00e9s da presidente da legenda, Eva Gouveia.<\/p>\n<p>Outra supl\u00eancia, ao que se informa, CCL desejava convencer o vice-prefeito pessoense Manoel J\u00fanior (PSC).<\/p>\n<p style=\"text-align: right;\">\u00a0<strong><em>Arimat\u00e9a Souza\/Foto:Internet<\/em><\/strong><\/p>\n","protected":false},"excerpt":{"rendered":"<p>O senador C\u00e1ssio Cunha Lima (PSDB), definiu que uma das supl\u00eancias de sua chapa \u00e0 reelei\u00e7\u00e3o ser\u00e1 ocupada pelo PSD, atrav\u00e9s da presidente da legenda,&hellip; <\/p>\n","protected":false},"author":1,"featured_media":59883,"comment_status":"closed","ping_status":"closed","sticky":false,"template":"","format":"standard","meta":{"sfsi_plus_gutenberg_text_before_share":"","sfsi_plus_gutenberg_show_text_before_share":"","sfsi_plus_gutenberg_icon_type":"","sfsi_plus_gutenberg_icon_alignemt":"","sfsi_plus_gutenburg_max_per_row":"","footnotes":""},"categories":[1],"tags":[],"class_list":["post-59882","post","type-post","status-publish","format-standard","has-post-thumbnail","hentry","category-o-site"],"_links":{"self":[{"href":"https:\/\/www.caririemacao.com\/1\/wp-json\/wp\/v2\/posts\/59882","targetHints":{"allow":["GET"]}}],"collection":[{"href":"https:\/\/www.caririemacao.com\/1\/wp-json\/wp\/v2\/posts"}],"about":[{"href":"https:\/\/www.caririemacao.com\/1\/wp-json\/wp\/v2\/types\/post"}],"author":[{"embeddable":true,"href":"https:\/\/www.caririemacao.com\/1\/wp-json\/wp\/v2\/users\/1"}],"replies":[{"embeddable":true,"href":"https:\/\/www.caririemacao.com\/1\/wp-json\/wp\/v2\/comments?post=59882"}],"version-history":[{"count":1,"href":"https:\/\/www.caririemacao.com\/1\/wp-json\/wp\/v2\/posts\/59882\/revisions"}],"predecessor-version":[{"id":59884,"href":"https:\/\/www.caririemacao.com\/1\/wp-json\/wp\/v2\/posts\/59882\/revisions\/59884"}],"wp:featuredmedia":[{"embeddable":true,"href":"https:\/\/www.caririemacao.com\/1\/wp-json\/wp\/v2\/media\/59883"}],"wp:attachment":[{"href":"https:\/\/www.caririemacao.com\/1\/wp-json\/wp\/v2\/media?parent=59882"}],"wp:term":[{"taxonomy":"category","embeddable":true,"href":"https:\/\/www.caririemacao.com\/1\/wp-json\/wp\/v2\/categories?post=59882"},{"taxonomy":"post_tag","embeddable":true,"href":"https:\/\/www.caririemacao.com\/1\/wp-json\/wp\/v2\/tags?post=59882"}],"curies":[{"name":"wp","href":"https:\/\/api.w.org\/{rel}","templated":true}]}}