{"id":59885,"date":"2018-08-04T21:56:41","date_gmt":"2018-08-05T00:56:41","guid":{"rendered":"http:\/\/caririemacao.com\/1\/?p=59885"},"modified":"2018-08-04T21:56:41","modified_gmt":"2018-08-05T00:56:41","slug":"janaina-paschoal-recusa-convite-para-ser-vice-presidente-na-chapa-de-bolsonaro","status":"publish","type":"post","link":"https:\/\/www.caririemacao.com\/1\/2018\/08\/04\/janaina-paschoal-recusa-convite-para-ser-vice-presidente-na-chapa-de-bolsonaro\/","title":{"rendered":"Jana\u00edna Paschoal recusa convite para ser vice-presidente na chapa de Bolsonaro"},"content":{"rendered":"<p>A advogada\u00a0Jana\u00edna Paschoal\u00a0anunciou, na manh\u00e3 deste s\u00e1bado, 4, na sua p\u00e1gina do microblog Twitter que n\u00e3o aceitou o convite para ser vice-presidente na chapa do deputado\u00a0Jair Bolsonaro (PSL)\u00a0\u00e0 Presid\u00eancia da Rep\u00fablica.<\/p>\n<p>\u201cConversei com o Dep. Bolsonaro e com o Pres. do PSL, Dr. Gustavo Bebiano, e cheguei \u00e0 conclus\u00e3o de que, neste momento, n\u00e3o tenho como concorrer \u00e0 Vice-Presid\u00eancia. Por quest\u00f5es familiares, por ora, eu n\u00e3o posso me mudar para Bras\u00edlia. A minha fam\u00edlia n\u00e3o me acompanharia\u201d, escreveu Jana\u00edna.<\/p>\n<p>Ao explicar sua recusa, a advogada aproveitou para defender Bolsonaro. \u201cSou testemunha de que Bolsonaro n\u00e3o \u00e9 machista. Ele me tratou de igual para igual, desde o primeiro momento. Sou testemunha de que ele n\u00e3o \u00e9 autorit\u00e1rio, cedeu em muitos pontos. Todos puderam constatar a sua toler\u00e2ncia com os meus posicionamentos\u201d, disse Jana\u00edna.<\/p>\n<p>Pela rede social, a advogada avisou que n\u00e3o faria declara\u00e7\u00f5es \u00e0 imprensa sobre a sua decis\u00e3o. \u201cCom todo amor que sempre devotei \u00e0 Imprensa, aviso que n\u00e3o conversarei com ningu\u00e9m. Vou me concentrar na ADPF 442. Esta a\u00e7\u00e3o \u00e9 t\u00e3o importante quanto \u00e0s elei\u00e7\u00f5es para mim e para o Pa\u00eds.\u201d<\/p>\n<div class=\"clearfix taboola taboola-middle-text\">\n<div id=\"taboola-below-article-text-links\" class=\" trc_related_container trc_spotlight_widget trc_tl  trc_tl_responsive trc_tl_responsive_trc_45760 \" data-placement-name=\"Below Article Text Links\">\n<div class=\"trc_rbox_container\">\n<div>\n<div id=\"trc_wrapper_45760\" class=\"trc_rbox organic-text-links-a trc-content-organic \">\n<div id=\"trc_header_45760\" class=\"trc_rbox_header trc_rbox_border_elm\" style=\"text-align: right;\"><strong><em>Jovem pan\/Foto:Internet<\/em><\/strong><\/div>\n<\/div>\n<\/div>\n<\/div>\n<\/div>\n<\/div>\n","protected":false},"excerpt":{"rendered":"<p>A advogada\u00a0Jana\u00edna Paschoal\u00a0anunciou, na manh\u00e3 deste s\u00e1bado, 4, na sua p\u00e1gina do microblog Twitter que n\u00e3o aceitou o convite para ser vice-presidente na chapa do&hellip; <\/p>\n","protected":false},"author":1,"featured_media":59886,"comment_status":"closed","ping_status":"closed","sticky":false,"template":"","format":"standard","meta":{"sfsi_plus_gutenberg_text_before_share":"","sfsi_plus_gutenberg_show_text_before_share":"","sfsi_plus_gutenberg_icon_type":"","sfsi_plus_gutenberg_icon_alignemt":"","sfsi_plus_gutenburg_max_per_row":"","footnotes":""},"categories":[11],"tags":[],"class_list":["post-59885","post","type-post","status-publish","format-standard","has-post-thumbnail","hentry","category-politica"],"_links":{"self":[{"href":"https:\/\/www.caririemacao.com\/1\/wp-json\/wp\/v2\/posts\/59885","targetHints":{"allow":["GET"]}}],"collection":[{"href":"https:\/\/www.caririemacao.com\/1\/wp-json\/wp\/v2\/posts"}],"about":[{"href":"https:\/\/www.caririemacao.com\/1\/wp-json\/wp\/v2\/types\/post"}],"author":[{"embeddable":true,"href":"https:\/\/www.caririemacao.com\/1\/wp-json\/wp\/v2\/users\/1"}],"replies":[{"embeddable":true,"href":"https:\/\/www.caririemacao.com\/1\/wp-json\/wp\/v2\/comments?post=59885"}],"version-history":[{"count":1,"href":"https:\/\/www.caririemacao.com\/1\/wp-json\/wp\/v2\/posts\/59885\/revisions"}],"predecessor-version":[{"id":59887,"href":"https:\/\/www.caririemacao.com\/1\/wp-json\/wp\/v2\/posts\/59885\/revisions\/59887"}],"wp:featuredmedia":[{"embeddable":true,"href":"https:\/\/www.caririemacao.com\/1\/wp-json\/wp\/v2\/media\/59886"}],"wp:attachment":[{"href":"https:\/\/www.caririemacao.com\/1\/wp-json\/wp\/v2\/media?parent=59885"}],"wp:term":[{"taxonomy":"category","embeddable":true,"href":"https:\/\/www.caririemacao.com\/1\/wp-json\/wp\/v2\/categories?post=59885"},{"taxonomy":"post_tag","embeddable":true,"href":"https:\/\/www.caririemacao.com\/1\/wp-json\/wp\/v2\/tags?post=59885"}],"curies":[{"name":"wp","href":"https:\/\/api.w.org\/{rel}","templated":true}]}}