{"id":59896,"date":"2018-08-04T18:58:23","date_gmt":"2018-08-04T21:58:23","guid":{"rendered":"http:\/\/caririemacao.com\/1\/?p=59896"},"modified":"2018-08-05T00:01:02","modified_gmt":"2018-08-05T03:01:02","slug":"acidente-grave-e-registrado-na-serra-de-teixeira-na-tarde-deste-sabado4","status":"publish","type":"post","link":"https:\/\/www.caririemacao.com\/1\/2018\/08\/04\/acidente-grave-e-registrado-na-serra-de-teixeira-na-tarde-deste-sabado4\/","title":{"rendered":"Acidente grave \u00e9 registrado na Serra de Teixeira, na tarde deste s\u00e1bado(4)"},"content":{"rendered":"<div>O policial da PMPE conhecido por Severo, residente na cidade de Brejinho-PE, sofreu um grave acidente no in\u00edcio da tarde deste s\u00e1bado (04), na PB-262, na Serra de Teixeira, no Sert\u00e3o da Para\u00edba.<\/div>\n<div>De acordo com informa\u00e7\u00f5es, a moto conduzida pelo PM colidiu com um ve\u00edculo ap\u00f3s a tentativa de uma ultrapassagem.<\/div>\n<div>O policial foi socorrido por uma equipe do SAMU para o Hospital Regional de Patos-PB.<\/div>\n<div>Ainda segundo informa\u00e7\u00f5es, Severo sofreu um trauma na Bacia, um corte na cabe\u00e7a, escoria\u00e7\u00f5es pelo corpo, mas est\u00e1 consciente. Ele foi transferido de Patos para um hospital militar no Recife.<\/div>\n<div style=\"text-align: right;\">\u00a0<strong><em>Rep\u00f3rter do Sert\u00e3o\/Foto:Reprodu\u00e7\u00e3o\u00a0<\/em><\/strong><\/div>\n","protected":false},"excerpt":{"rendered":"<p>O policial da PMPE conhecido por Severo, residente na cidade de Brejinho-PE, sofreu um grave acidente no in\u00edcio da tarde deste s\u00e1bado (04), na PB-262,&hellip; <\/p>\n","protected":false},"author":1,"featured_media":59897,"comment_status":"closed","ping_status":"closed","sticky":false,"template":"","format":"standard","meta":{"sfsi_plus_gutenberg_text_before_share":"","sfsi_plus_gutenberg_show_text_before_share":"","sfsi_plus_gutenberg_icon_type":"","sfsi_plus_gutenberg_icon_alignemt":"","sfsi_plus_gutenburg_max_per_row":"","footnotes":""},"categories":[12],"tags":[],"class_list":["post-59896","post","type-post","status-publish","format-standard","has-post-thumbnail","hentry","category-policia"],"_links":{"self":[{"href":"https:\/\/www.caririemacao.com\/1\/wp-json\/wp\/v2\/posts\/59896","targetHints":{"allow":["GET"]}}],"collection":[{"href":"https:\/\/www.caririemacao.com\/1\/wp-json\/wp\/v2\/posts"}],"about":[{"href":"https:\/\/www.caririemacao.com\/1\/wp-json\/wp\/v2\/types\/post"}],"author":[{"embeddable":true,"href":"https:\/\/www.caririemacao.com\/1\/wp-json\/wp\/v2\/users\/1"}],"replies":[{"embeddable":true,"href":"https:\/\/www.caririemacao.com\/1\/wp-json\/wp\/v2\/comments?post=59896"}],"version-history":[{"count":1,"href":"https:\/\/www.caririemacao.com\/1\/wp-json\/wp\/v2\/posts\/59896\/revisions"}],"predecessor-version":[{"id":59898,"href":"https:\/\/www.caririemacao.com\/1\/wp-json\/wp\/v2\/posts\/59896\/revisions\/59898"}],"wp:featuredmedia":[{"embeddable":true,"href":"https:\/\/www.caririemacao.com\/1\/wp-json\/wp\/v2\/media\/59897"}],"wp:attachment":[{"href":"https:\/\/www.caririemacao.com\/1\/wp-json\/wp\/v2\/media?parent=59896"}],"wp:term":[{"taxonomy":"category","embeddable":true,"href":"https:\/\/www.caririemacao.com\/1\/wp-json\/wp\/v2\/categories?post=59896"},{"taxonomy":"post_tag","embeddable":true,"href":"https:\/\/www.caririemacao.com\/1\/wp-json\/wp\/v2\/tags?post=59896"}],"curies":[{"name":"wp","href":"https:\/\/api.w.org\/{rel}","templated":true}]}}