{"id":59899,"date":"2018-08-04T19:03:17","date_gmt":"2018-08-04T22:03:17","guid":{"rendered":"http:\/\/caririemacao.com\/1\/?p=59899"},"modified":"2018-08-05T00:08:37","modified_gmt":"2018-08-05T03:08:37","slug":"homicidio-e-registrado-na-zona-rural-de-pocao-pe","status":"publish","type":"post","link":"https:\/\/www.caririemacao.com\/1\/2018\/08\/04\/homicidio-e-registrado-na-zona-rural-de-pocao-pe\/","title":{"rendered":"Homic\u00eddio \u00e9 registrado na zona rural de Po\u00e7\u00e3o-PE"},"content":{"rendered":"<div class=\"separator\">Homic\u00eddio foi registrado por volta das 21h40 desse s\u00e1bado, 04, em Po\u00e7\u00e3o-PE.<\/div>\n<div class=\"separator\">Segundo informa\u00e7\u00f5es; um homem conhecido por &#8216;Paulo Jucleam&#8217; foi assassinado em um bar, no S\u00edtio Cajueiro, ainda de acordo com as informa\u00e7\u00f5es,\u00a0Paulo teria sido alvejado por v\u00e1rios tiros. (Aguardando confirma\u00e7\u00e3o)<\/div>\n<div class=\"separator\"><\/div>\n<div class=\"separator\">A Pol\u00edcia foi acionada j\u00e1 se deslocou para o referido local do crime.<\/div>\n<div class=\"separator\"><\/div>\n<div class=\"separator\"><\/div>\n<div class=\"separator\" style=\"text-align: right;\"><strong><em>Blog do Alberto Barbosa\/Foto:WhatsApp<\/em><\/strong><\/div>\n","protected":false},"excerpt":{"rendered":"<p>Homic\u00eddio foi registrado por volta das 21h40 desse s\u00e1bado, 04, em Po\u00e7\u00e3o-PE. Segundo informa\u00e7\u00f5es; um homem conhecido por &#8216;Paulo Jucleam&#8217; foi assassinado em um bar,&hellip; <\/p>\n","protected":false},"author":1,"featured_media":59900,"comment_status":"closed","ping_status":"closed","sticky":false,"template":"","format":"standard","meta":{"sfsi_plus_gutenberg_text_before_share":"","sfsi_plus_gutenberg_show_text_before_share":"","sfsi_plus_gutenberg_icon_type":"","sfsi_plus_gutenberg_icon_alignemt":"","sfsi_plus_gutenburg_max_per_row":"","footnotes":""},"categories":[12],"tags":[],"class_list":["post-59899","post","type-post","status-publish","format-standard","has-post-thumbnail","hentry","category-policia"],"_links":{"self":[{"href":"https:\/\/www.caririemacao.com\/1\/wp-json\/wp\/v2\/posts\/59899","targetHints":{"allow":["GET"]}}],"collection":[{"href":"https:\/\/www.caririemacao.com\/1\/wp-json\/wp\/v2\/posts"}],"about":[{"href":"https:\/\/www.caririemacao.com\/1\/wp-json\/wp\/v2\/types\/post"}],"author":[{"embeddable":true,"href":"https:\/\/www.caririemacao.com\/1\/wp-json\/wp\/v2\/users\/1"}],"replies":[{"embeddable":true,"href":"https:\/\/www.caririemacao.com\/1\/wp-json\/wp\/v2\/comments?post=59899"}],"version-history":[{"count":1,"href":"https:\/\/www.caririemacao.com\/1\/wp-json\/wp\/v2\/posts\/59899\/revisions"}],"predecessor-version":[{"id":59901,"href":"https:\/\/www.caririemacao.com\/1\/wp-json\/wp\/v2\/posts\/59899\/revisions\/59901"}],"wp:featuredmedia":[{"embeddable":true,"href":"https:\/\/www.caririemacao.com\/1\/wp-json\/wp\/v2\/media\/59900"}],"wp:attachment":[{"href":"https:\/\/www.caririemacao.com\/1\/wp-json\/wp\/v2\/media?parent=59899"}],"wp:term":[{"taxonomy":"category","embeddable":true,"href":"https:\/\/www.caririemacao.com\/1\/wp-json\/wp\/v2\/categories?post=59899"},{"taxonomy":"post_tag","embeddable":true,"href":"https:\/\/www.caririemacao.com\/1\/wp-json\/wp\/v2\/tags?post=59899"}],"curies":[{"name":"wp","href":"https:\/\/api.w.org\/{rel}","templated":true}]}}