{"id":59902,"date":"2018-08-05T00:16:22","date_gmt":"2018-08-05T03:16:22","guid":{"rendered":"http:\/\/caririemacao.com\/1\/?p=59902"},"modified":"2018-08-05T00:16:22","modified_gmt":"2018-08-05T03:16:22","slug":"prefeito-adriano-wolff-participa-da-convencao-do-psb-em-joao-pessoa","status":"publish","type":"post","link":"https:\/\/www.caririemacao.com\/1\/2018\/08\/05\/prefeito-adriano-wolff-participa-da-convencao-do-psb-em-joao-pessoa\/","title":{"rendered":"Prefeito Adriano Wolff participa da Conven\u00e7\u00e3o do PSB em Jo\u00e3o Pessoa"},"content":{"rendered":"<p>Na tarde deste s\u00e1bado (4), o prefeito de S\u00e3o Sebasti\u00e3o do Umbuzeiro,\u00a0\u00a0Adriano Wolff, a primeira Dama Melina, o vice-prefeito Chico de Mariano, o ex-prefeito Chico Neves, Adalcy, Graziely\u00a0 e o Assessor\u00a0 Geraldo Louren\u00e7o, estiveram presente\u00a0 na conven\u00e7\u00e3o do PSB que homologou\u00a0 a candidatura de Jo\u00e3o Azevedo para disputar o governo da Para\u00edba em outubro pr\u00f3ximo.<\/p>\n<p dir=\"ltr\">O evento foi realizado na casa de shows Forrock, em Jo\u00e3o Pessoa, e contou com a presen\u00e7a de\u00a0 Ricardo Coutinho (PSB); da atual vice-governadora L\u00edgia Feliciano (PDT), indicada para disputar com ele a reelei\u00e7\u00e3o; e de Veneziano Vital (PSB) e Luiz Couto (PT), que ir\u00e3o disputar as duas vagas para o Senado em sua coliga\u00e7\u00e3o.<\/p>\n<p dir=\"ltr\">Al\u00e9m do PSB, outros partidos aliados realizaram neste ato a sua conven\u00e7\u00e3o, para homologa\u00e7\u00e3o de candidaturas a deputado federal e estadual.<\/p>\n<p dir=\"ltr\">\u201cA conven\u00e7\u00e3o do PSB hoje, foi a maior reuni\u00e3o pol\u00edtica do Estado da Para\u00edba. Ali, estiveram mais de 20 mil pessoas, animadas e convencidas que este \u00e9 o caminho da vit\u00f3ria para a paraiba continuar avan\u00e7ando\u201d, disse o prefeito Adriano Wolff.<\/p>\n<p dir=\"ltr\" style=\"text-align: right;\"><strong><em>Blog do Didi\/Foto:Reprodu\u00e7\u00e3o\u00a0<\/em><\/strong><\/p>\n","protected":false},"excerpt":{"rendered":"<p>Na tarde deste s\u00e1bado (4), o prefeito de S\u00e3o Sebasti\u00e3o do Umbuzeiro,\u00a0\u00a0Adriano Wolff, a primeira Dama Melina, o vice-prefeito Chico de Mariano, o ex-prefeito Chico&hellip; <\/p>\n","protected":false},"author":1,"featured_media":59903,"comment_status":"closed","ping_status":"closed","sticky":false,"template":"","format":"standard","meta":{"sfsi_plus_gutenberg_text_before_share":"","sfsi_plus_gutenberg_show_text_before_share":"","sfsi_plus_gutenberg_icon_type":"","sfsi_plus_gutenberg_icon_alignemt":"","sfsi_plus_gutenburg_max_per_row":"","footnotes":""},"categories":[11],"tags":[],"class_list":["post-59902","post","type-post","status-publish","format-standard","has-post-thumbnail","hentry","category-politica"],"_links":{"self":[{"href":"https:\/\/www.caririemacao.com\/1\/wp-json\/wp\/v2\/posts\/59902","targetHints":{"allow":["GET"]}}],"collection":[{"href":"https:\/\/www.caririemacao.com\/1\/wp-json\/wp\/v2\/posts"}],"about":[{"href":"https:\/\/www.caririemacao.com\/1\/wp-json\/wp\/v2\/types\/post"}],"author":[{"embeddable":true,"href":"https:\/\/www.caririemacao.com\/1\/wp-json\/wp\/v2\/users\/1"}],"replies":[{"embeddable":true,"href":"https:\/\/www.caririemacao.com\/1\/wp-json\/wp\/v2\/comments?post=59902"}],"version-history":[{"count":1,"href":"https:\/\/www.caririemacao.com\/1\/wp-json\/wp\/v2\/posts\/59902\/revisions"}],"predecessor-version":[{"id":59904,"href":"https:\/\/www.caririemacao.com\/1\/wp-json\/wp\/v2\/posts\/59902\/revisions\/59904"}],"wp:featuredmedia":[{"embeddable":true,"href":"https:\/\/www.caririemacao.com\/1\/wp-json\/wp\/v2\/media\/59903"}],"wp:attachment":[{"href":"https:\/\/www.caririemacao.com\/1\/wp-json\/wp\/v2\/media?parent=59902"}],"wp:term":[{"taxonomy":"category","embeddable":true,"href":"https:\/\/www.caririemacao.com\/1\/wp-json\/wp\/v2\/categories?post=59902"},{"taxonomy":"post_tag","embeddable":true,"href":"https:\/\/www.caririemacao.com\/1\/wp-json\/wp\/v2\/tags?post=59902"}],"curies":[{"name":"wp","href":"https:\/\/api.w.org\/{rel}","templated":true}]}}