{"id":59911,"date":"2018-08-05T11:05:47","date_gmt":"2018-08-05T14:05:47","guid":{"rendered":"http:\/\/caririemacao.com\/1\/?p=59911"},"modified":"2018-08-05T11:05:47","modified_gmt":"2018-08-05T14:05:47","slug":"joao-sobre-ligia-a-continuidade-do-projeto-estava-associada-a-um-grupo-vencedor","status":"publish","type":"post","link":"https:\/\/www.caririemacao.com\/1\/2018\/08\/05\/joao-sobre-ligia-a-continuidade-do-projeto-estava-associada-a-um-grupo-vencedor\/","title":{"rendered":"Jo\u00e3o sobre L\u00edgia: \u201cA continuidade do projeto estava associada a um grupo vencedor\u201d"},"content":{"rendered":"<p>O candidato a governador da Para\u00edba pelo PSB, Jo\u00e3o Azevedo, que teve o seu nome confirmado na disputa em conven\u00e7\u00e3o realizada pela legenda neste s\u00e1bado (4), em Jo\u00e3o Pessoa, falou sobre a decis\u00e3o de L\u00edgia Feliciano (PDT) de retirar a sua ent\u00e3o pr\u00e9-candidatura ao governo para ocupar a vaga de vice em sua chapa.<\/p>\n<p>Segundo Jo\u00e3o, mesmo no per\u00edodo em que se colocou como pr\u00e9-candidata, a atual vice-governadora \u201cnunca teve nenhuma frase contra o projeto que ela ajudou a construir\u201d.<\/p>\n<p>\u2013 (N\u00f3s) entendemos que a continuidade do projeto estava associada a continuidade de um grupo vencedor, e L\u00edgia faz parte desse grupo \u2013 ressaltou.<\/p>\n<p>&nbsp;<\/p>\n<div id=\"primary\">\n<div id=\"content\" class=\"clearfix\">\n<p>Cariri em A\u00e7\u00e3o<\/p>\n<p>Leia mais not\u00edcias em\u00a0<a href=\"http:\/\/www.caririemacao.com\/\">caririemacao.com<\/a>, siga nossa p\u00e1gina no\u00a0<a href=\"https:\/\/www.facebook.com\/CaririEmAcao\/?ref=aymt_homepage_panel\">Facebook<\/a>,\u00a0<a href=\"https:\/\/www.instagram.com\/cariri_em_acao\/?hl=pt-br\">Instagram<\/a>\u00a0e\u00a0<a href=\"https:\/\/www.youtube.com\/channel\/UCAptA0jQuYQy8vMhLt2m4qg\">Youtube<\/a>\u00a0e veja nossas mat\u00e9rias, v\u00eddeos e fotos. Voc\u00ea tamb\u00e9m pode enviar informa\u00e7\u00f5es \u00e0 Reda\u00e7\u00e3o do Portal Cariri em A\u00e7\u00e3o pelo WhatsApp (83) 9 9634.5791, (83) 9 9601-1162.<\/p>\n<\/div>\n<\/div>\n<div id=\"secondary\">\n<aside id=\"text-7\" class=\"widget widget_text clearfix\">\n<div class=\"textwidget\"><\/div>\n<\/aside>\n<aside id=\"search-3\" class=\"widget widget_search clearfix\">\n<form class=\"search-form searchform clearfix\" action=\"http:\/\/caririemacao.com\/1\/\" method=\"get\"><\/form>\n<\/aside>\n<\/div>\n","protected":false},"excerpt":{"rendered":"<p>O candidato a governador da Para\u00edba pelo PSB, Jo\u00e3o Azevedo, que teve o seu nome confirmado na disputa em conven\u00e7\u00e3o realizada pela legenda neste s\u00e1bado&hellip; <\/p>\n","protected":false},"author":1,"featured_media":59912,"comment_status":"closed","ping_status":"closed","sticky":false,"template":"","format":"standard","meta":{"sfsi_plus_gutenberg_text_before_share":"","sfsi_plus_gutenberg_show_text_before_share":"","sfsi_plus_gutenberg_icon_type":"","sfsi_plus_gutenberg_icon_alignemt":"","sfsi_plus_gutenburg_max_per_row":"","footnotes":""},"categories":[1],"tags":[],"class_list":["post-59911","post","type-post","status-publish","format-standard","has-post-thumbnail","hentry","category-o-site"],"_links":{"self":[{"href":"https:\/\/www.caririemacao.com\/1\/wp-json\/wp\/v2\/posts\/59911","targetHints":{"allow":["GET"]}}],"collection":[{"href":"https:\/\/www.caririemacao.com\/1\/wp-json\/wp\/v2\/posts"}],"about":[{"href":"https:\/\/www.caririemacao.com\/1\/wp-json\/wp\/v2\/types\/post"}],"author":[{"embeddable":true,"href":"https:\/\/www.caririemacao.com\/1\/wp-json\/wp\/v2\/users\/1"}],"replies":[{"embeddable":true,"href":"https:\/\/www.caririemacao.com\/1\/wp-json\/wp\/v2\/comments?post=59911"}],"version-history":[{"count":1,"href":"https:\/\/www.caririemacao.com\/1\/wp-json\/wp\/v2\/posts\/59911\/revisions"}],"predecessor-version":[{"id":59913,"href":"https:\/\/www.caririemacao.com\/1\/wp-json\/wp\/v2\/posts\/59911\/revisions\/59913"}],"wp:featuredmedia":[{"embeddable":true,"href":"https:\/\/www.caririemacao.com\/1\/wp-json\/wp\/v2\/media\/59912"}],"wp:attachment":[{"href":"https:\/\/www.caririemacao.com\/1\/wp-json\/wp\/v2\/media?parent=59911"}],"wp:term":[{"taxonomy":"category","embeddable":true,"href":"https:\/\/www.caririemacao.com\/1\/wp-json\/wp\/v2\/categories?post=59911"},{"taxonomy":"post_tag","embeddable":true,"href":"https:\/\/www.caririemacao.com\/1\/wp-json\/wp\/v2\/tags?post=59911"}],"curies":[{"name":"wp","href":"https:\/\/api.w.org\/{rel}","templated":true}]}}