{"id":59916,"date":"2018-08-05T11:17:05","date_gmt":"2018-08-05T14:17:05","guid":{"rendered":"http:\/\/caririemacao.com\/1\/?p=59916"},"modified":"2018-08-05T11:18:10","modified_gmt":"2018-08-05T14:18:10","slug":"pt-avalia-plano-b-apos-oficializar-candidatura-de-lula","status":"publish","type":"post","link":"https:\/\/www.caririemacao.com\/1\/2018\/08\/05\/pt-avalia-plano-b-apos-oficializar-candidatura-de-lula\/","title":{"rendered":"PT avalia &#8216;plano B&#8217; ap\u00f3s oficializar candidatura de Lula"},"content":{"rendered":"<p><span class=\"news_capital_letter\">O\u00a0<\/span>PT oficializou no in\u00edcio da tarde deste s\u00e1bado, 4, a candidatura do ex-presidente Luiz In\u00e1cio Lula da Silva, condenado na Lava Jato por corrup\u00e7\u00e3o e lavagem de dinheiro e cumprindo pris\u00e3o em Curitiba desde 7 de abril. Formalmente, Lula est\u00e1 indicado para ser, pela sexta vez, o candidato do partido \u00e0 Presid\u00eancia da Rep\u00fablica. Poucas horas depois, por\u00e9m, a c\u00fapula petista passou a discutir, sem a presen\u00e7a do ex-presidente, a possibilidade de deflagrar j\u00e1 o &#8220;plano B&#8221; na disputa pelo Pal\u00e1cio do Planalto. O nome mais cotado \u00e9 o do ex-prefeito Fernando Haddad.<\/p>\n<div class=\"pub-container inside-news\">\n<div class=\"pub-space\"><ins class=\"adsbygoogle\" data-ad-client=\"ca-pub-5990868310294203\" data-ad-slot=\"1636004644\" data-adsbygoogle-status=\"done\"><ins id=\"aswift_1_expand\"><ins id=\"aswift_1_anchor\"><\/ins><\/ins><\/ins>Aos participantes do Encontro Nacional do partido &#8211; que teve poderes de conven\u00e7\u00e3o &#8211; a presidente do PT, Gleisi Hoffmann, disse que advogados devem ouvir Lula ainda hoje, em Curitiba, antes de o martelo ser batido. A escolha de Haddad, mesmo como vice, passa imediatamente para o mundo pol\u00edtico a mensagem de que o PT desistiu de manter o nome de Lula at\u00e9 o limite da Justi\u00e7a e decidiu partir para uma alternativa eleitoral concreta.<\/div>\n<\/div>\n<p>O partido oficializou a candidatura de Lula tr\u00eas dias ap\u00f3s o presidente do Tribunal Superior Eleitoral, Luis Fux, ter afirmado que &#8220;condenado \u00e9 ineleg\u00edvel&#8221;.<\/p>\n<div class=\"google-auto-placed ap_container\"><ins class=\"adsbygoogle adsbygoogle-noablate\" data-ad-format=\"auto\" data-ad-client=\"ca-pub-5990868310294203\" data-adsbygoogle-status=\"done\"><ins id=\"aswift_6_expand\"><ins id=\"aswift_6_anchor\"><\/ins><\/ins><\/ins>Ao receber a visita de dirigentes petistas na sexta-feira, na capital paranaense, Lula pediu que o partido mantivesse o plano de ganhar tempo e s\u00f3 indicar o vice at\u00e9 o dia 14. O ex-presidente, contudo, deu carta branca para que a dire\u00e7\u00e3o tomasse outra decis\u00e3o em caso de risco \u00e0 presen\u00e7a do partido na disputa presidencial. Lula orientou o PT a consultar as rea\u00e7\u00f5es a tr\u00eas nomes: Haddad, Gleisi e o ex-ministro Jaques Wagner &#8211; que declinou da miss\u00e3o.<\/div>\n<p>O PT trabalha ainda com a possibilidade remota de Ciro Gomes (PDT) e Manuela d&#8217;\u00c1vila (PCdoB) abrirem m\u00e3o das candidaturas para assumir o cargo de vice. A alian\u00e7a com o PCdoB est\u00e1 bem encaminhada, mas o PDT \u00e9 um sonho distante. Haddad \u00e9 o preferido, mas ainda enfrenta a resist\u00eancia de setores do partido em S\u00e3o Paulo e de movimentos sociais.<\/p>\n<p>Lula foi aclamado por unanimidade na conven\u00e7\u00e3o do PT. Por enquanto, a sigla ter\u00e1 como aliados os nanicos PCO e PROS. Com informa\u00e7\u00f5es do Estad\u00e3o\u00a0Conte\u00fado.<\/p>\n<p>&nbsp;<\/p>\n<p>Fonte: Para\u00edba j\u00e1\/Foto:Reprodu\u00e7\u00e3o<\/p>\n<p>Leia mais not\u00edcias em\u00a0<a href=\"http:\/\/www.caririemacao.com\/\">caririemacao.com<\/a>, siga nossa p\u00e1gina no\u00a0<a href=\"https:\/\/www.facebook.com\/CaririEmAcao\/?ref=aymt_homepage_panel\">Facebook<\/a>,\u00a0<a href=\"https:\/\/www.instagram.com\/cariri_em_acao\/?hl=pt-br\">Instagram<\/a>\u00a0e\u00a0<a href=\"https:\/\/www.youtube.com\/channel\/UCAptA0jQuYQy8vMhLt2m4qg\">Youtube<\/a>\u00a0e veja nossas mat\u00e9rias, v\u00eddeos e fotos. Voc\u00ea tamb\u00e9m pode enviar informa\u00e7\u00f5es \u00e0 Reda\u00e7\u00e3o do Portal Cariri em A\u00e7\u00e3o pelo WhatsApp (83) 9 9634.5791, (83) 9 9601-1162.<\/p>\n","protected":false},"excerpt":{"rendered":"<p>O\u00a0PT oficializou no in\u00edcio da tarde deste s\u00e1bado, 4, a candidatura do ex-presidente Luiz In\u00e1cio Lula da Silva, condenado na Lava Jato por corrup\u00e7\u00e3o e&hellip; <\/p>\n","protected":false},"author":1,"featured_media":46477,"comment_status":"closed","ping_status":"closed","sticky":false,"template":"","format":"standard","meta":{"sfsi_plus_gutenberg_text_before_share":"","sfsi_plus_gutenberg_show_text_before_share":"","sfsi_plus_gutenberg_icon_type":"","sfsi_plus_gutenberg_icon_alignemt":"","sfsi_plus_gutenburg_max_per_row":"","footnotes":""},"categories":[1],"tags":[],"class_list":["post-59916","post","type-post","status-publish","format-standard","has-post-thumbnail","hentry","category-o-site"],"_links":{"self":[{"href":"https:\/\/www.caririemacao.com\/1\/wp-json\/wp\/v2\/posts\/59916","targetHints":{"allow":["GET"]}}],"collection":[{"href":"https:\/\/www.caririemacao.com\/1\/wp-json\/wp\/v2\/posts"}],"about":[{"href":"https:\/\/www.caririemacao.com\/1\/wp-json\/wp\/v2\/types\/post"}],"author":[{"embeddable":true,"href":"https:\/\/www.caririemacao.com\/1\/wp-json\/wp\/v2\/users\/1"}],"replies":[{"embeddable":true,"href":"https:\/\/www.caririemacao.com\/1\/wp-json\/wp\/v2\/comments?post=59916"}],"version-history":[{"count":2,"href":"https:\/\/www.caririemacao.com\/1\/wp-json\/wp\/v2\/posts\/59916\/revisions"}],"predecessor-version":[{"id":59918,"href":"https:\/\/www.caririemacao.com\/1\/wp-json\/wp\/v2\/posts\/59916\/revisions\/59918"}],"wp:featuredmedia":[{"embeddable":true,"href":"https:\/\/www.caririemacao.com\/1\/wp-json\/wp\/v2\/media\/46477"}],"wp:attachment":[{"href":"https:\/\/www.caririemacao.com\/1\/wp-json\/wp\/v2\/media?parent=59916"}],"wp:term":[{"taxonomy":"category","embeddable":true,"href":"https:\/\/www.caririemacao.com\/1\/wp-json\/wp\/v2\/categories?post=59916"},{"taxonomy":"post_tag","embeddable":true,"href":"https:\/\/www.caririemacao.com\/1\/wp-json\/wp\/v2\/tags?post=59916"}],"curies":[{"name":"wp","href":"https:\/\/api.w.org\/{rel}","templated":true}]}}