{"id":59919,"date":"2018-08-05T11:23:41","date_gmt":"2018-08-05T14:23:41","guid":{"rendered":"http:\/\/caririemacao.com\/1\/?p=59919"},"modified":"2018-08-05T11:23:41","modified_gmt":"2018-08-05T14:23:41","slug":"moro-marca-depoimentos-sobre-sitio-de-atibaia-para-antes-das-eleicoes","status":"publish","type":"post","link":"https:\/\/www.caririemacao.com\/1\/2018\/08\/05\/moro-marca-depoimentos-sobre-sitio-de-atibaia-para-antes-das-eleicoes\/","title":{"rendered":"Moro marca depoimentos sobre s\u00edtio de Atibaia para antes das elei\u00e7\u00f5es"},"content":{"rendered":"<p><span class=\"news_capital_letter\">O\u00a0<\/span>juiz S\u00e9rgio Moro marcou o in\u00edcio dos depoimentos sobre o caso do S\u00edtio Santa B\u00e1rbara, em Atibaia, para o dia 27 de agosto. De acordo com o colunista Lauro Jardim, do jornal \u201cO Globo\u201d, o primeiro a ser ouvido ser\u00e1 Alexandrino Alencar, executivo da Odebrecht que teria recebido um pedido de Marisa Let\u00edcia para fazer a reforma no s\u00edtio.<\/p>\n<div class=\"pub-container inside-news\">\n<div class=\"pub-space\"><ins class=\"adsbygoogle\" data-ad-client=\"ca-pub-5990868310294203\" data-ad-slot=\"1636004644\" data-adsbygoogle-status=\"done\"><ins id=\"aswift_1_expand\"><ins id=\"aswift_1_anchor\"><\/ins><\/ins><\/ins>O caso deve chegar ao fim no dia 10 de setembro, quando o ex-presidente Lula vai encarar Moro, em Curitiba, para tentar explicar o caso no qual \u00e9 investigado por supostamente receber das empreiteiras OAS, Odebrecht e Schahin vantagens indevidas de R$ 1,1 milh\u00e3o por meio de reformas no s\u00edtio.<\/div>\n<\/div>\n<p>Tudo isso acontecer\u00e1 antes das Elei\u00e7\u00f5es, que est\u00e3o marcadas para os dias 7 e 28 de outubro, primeiro e segundo turno, respectivamente. Lula \u00e9 candidato \u00e0 Presid\u00eancia da Rep\u00fablica pelo Partido dos Trabalhadores (PT).<\/p>\n<p>&nbsp;<\/p>\n<p>Fonte: Pol\u00edtica ao Minuto\/Foto: Reprodu\u00e7\u00e3o<\/p>\n<p>Leia mais not\u00edcias em\u00a0<a href=\"http:\/\/www.caririemacao.com\/\">caririemacao.com<\/a>, siga nossa p\u00e1gina no\u00a0<a href=\"https:\/\/www.facebook.com\/CaririEmAcao\/?ref=aymt_homepage_panel\">Facebook<\/a>,\u00a0<a href=\"https:\/\/www.instagram.com\/cariri_em_acao\/?hl=pt-br\">Instagram<\/a>\u00a0e\u00a0<a href=\"https:\/\/www.youtube.com\/channel\/UCAptA0jQuYQy8vMhLt2m4qg\">Youtube<\/a>\u00a0e veja nossas mat\u00e9rias, v\u00eddeos e fotos. Voc\u00ea tamb\u00e9m pode enviar informa\u00e7\u00f5es \u00e0 Reda\u00e7\u00e3o do Portal Cariri em A\u00e7\u00e3o pelo WhatsApp (83) 9 9634.5791, (83) 9 9601-1162.<\/p>\n","protected":false},"excerpt":{"rendered":"<p>O\u00a0juiz S\u00e9rgio Moro marcou o in\u00edcio dos depoimentos sobre o caso do S\u00edtio Santa B\u00e1rbara, em Atibaia, para o dia 27 de agosto. De acordo&hellip; <\/p>\n","protected":false},"author":1,"featured_media":988,"comment_status":"closed","ping_status":"closed","sticky":false,"template":"","format":"standard","meta":{"sfsi_plus_gutenberg_text_before_share":"","sfsi_plus_gutenberg_show_text_before_share":"","sfsi_plus_gutenberg_icon_type":"","sfsi_plus_gutenberg_icon_alignemt":"","sfsi_plus_gutenburg_max_per_row":"","footnotes":""},"categories":[11],"tags":[],"class_list":["post-59919","post","type-post","status-publish","format-standard","has-post-thumbnail","hentry","category-politica"],"_links":{"self":[{"href":"https:\/\/www.caririemacao.com\/1\/wp-json\/wp\/v2\/posts\/59919","targetHints":{"allow":["GET"]}}],"collection":[{"href":"https:\/\/www.caririemacao.com\/1\/wp-json\/wp\/v2\/posts"}],"about":[{"href":"https:\/\/www.caririemacao.com\/1\/wp-json\/wp\/v2\/types\/post"}],"author":[{"embeddable":true,"href":"https:\/\/www.caririemacao.com\/1\/wp-json\/wp\/v2\/users\/1"}],"replies":[{"embeddable":true,"href":"https:\/\/www.caririemacao.com\/1\/wp-json\/wp\/v2\/comments?post=59919"}],"version-history":[{"count":1,"href":"https:\/\/www.caririemacao.com\/1\/wp-json\/wp\/v2\/posts\/59919\/revisions"}],"predecessor-version":[{"id":59920,"href":"https:\/\/www.caririemacao.com\/1\/wp-json\/wp\/v2\/posts\/59919\/revisions\/59920"}],"wp:featuredmedia":[{"embeddable":true,"href":"https:\/\/www.caririemacao.com\/1\/wp-json\/wp\/v2\/media\/988"}],"wp:attachment":[{"href":"https:\/\/www.caririemacao.com\/1\/wp-json\/wp\/v2\/media?parent=59919"}],"wp:term":[{"taxonomy":"category","embeddable":true,"href":"https:\/\/www.caririemacao.com\/1\/wp-json\/wp\/v2\/categories?post=59919"},{"taxonomy":"post_tag","embeddable":true,"href":"https:\/\/www.caririemacao.com\/1\/wp-json\/wp\/v2\/tags?post=59919"}],"curies":[{"name":"wp","href":"https:\/\/api.w.org\/{rel}","templated":true}]}}