{"id":59921,"date":"2018-08-05T11:28:49","date_gmt":"2018-08-05T14:28:49","guid":{"rendered":"http:\/\/caririemacao.com\/1\/?p=59921"},"modified":"2018-08-05T11:28:49","modified_gmt":"2018-08-05T14:28:49","slug":"botafogo-pb-quer-manter-embalo-contra-o-globo-para-se-manter-no-g4","status":"publish","type":"post","link":"https:\/\/www.caririemacao.com\/1\/2018\/08\/05\/botafogo-pb-quer-manter-embalo-contra-o-globo-para-se-manter-no-g4\/","title":{"rendered":"Botafogo-PB quer manter embalo contra o Globo para se manter no G4"},"content":{"rendered":"<p>O\u00a0<strong>Globo\u00a0<\/strong>entra em campo neste domingo pela 17\u00aa rodada ainda acreditando na classifica\u00e7\u00e3o \u00e0s quartas do\u00a0<strong>Campeonato Brasileiro S\u00e9rie C<\/strong>. \u00c0s 16 horas, no est\u00e1dio Barrett\u00e3o, encara justamente o \u00faltimo integrante do G4,\u00a0<strong>Botafogo-PB<\/strong>, que vem de duas vit\u00f3rias seguidas.<\/p>\n<p>Apesar de n\u00e3o perder desde a s\u00e9tima rodada, o Globo est\u00e1 em sexto lugar com 20 pontos por causa do excesso de empates. A \u00faltima vit\u00f3ria foi na 11\u00aa rodada diante do Remo por 3 a 1. J\u00e1 o Botafogo-PB est\u00e1 h\u00e1 cinco jogos sem perder e soma 24 pontos, na quarta coloca\u00e7\u00e3o.<\/p>\n<p>Depois de um empate por 1 a 1 com o N\u00e1utico, o t\u00e9cnico Higor C\u00e9sar ter\u00e1 que fazer pelo menos duas mudan\u00e7as no Globo. Contra o Timbu, o treinador perdeu o goleiro Rafael, suspenso por expuls\u00e3o, e o meia Jean Natal, suspenso por ter recebido o terceiro cart\u00e3o amarelo.<\/p>\n<p>No gol, a vaga deve ficar com Camilo, que entrou bem ap\u00f3s o cart\u00e3o vermelho do companheiro, apesar ter sofrido o gol d empate. Recuperado de les\u00e3o e presente no banco na rodada passada, Renatinho Potiguar deve retornar ao time titular na vaga em aberto no meio de campo.<\/p>\n<p><strong>JATA\u00cd RETORNA AO BOTAFOGO-PB<\/strong><\/p>\n<p>O t\u00e9cnico Evaristo Piza far\u00e1 mudan\u00e7as na escala\u00e7\u00e3o do Botafogo da Para\u00edba. O comandante do Belo contar\u00e1 com o retorno do volante Rafael Jata\u00ed e do atacante Nando, mas ter\u00e1 duas baixas no meio-campo. Marcos Aur\u00e9lio e Clayton Rosa ficam de fora por terem que cumprir suspens\u00e3o pelo terceiro cart\u00e3o amarelo.<\/p>\n<p>Apesar do retorno de Nando, Leandro K\u00edvel deve ser o escolhido para ser a refer\u00eancia no ataque. J\u00e1 as vagas em aberto no meio de campo devem ficar com Allan Dias e Jobinho. Piza fez alguns testes durante a semana e chegou a escalar o time com tr\u00eas zagueiros, mas \u00e9 pouco prov\u00e1vel que comece com essa forma\u00e7\u00e3o.<\/p>\n<p>&nbsp;<\/p>\n<p>Fonte: Para\u00edba Online\/Foto: Reprodu\u00e7\u00e3o<\/p>\n<p>Leia mais not\u00edcias em\u00a0<a href=\"http:\/\/www.caririemacao.com\/\">caririemacao.com<\/a>, siga nossa p\u00e1gina no\u00a0<a href=\"https:\/\/www.facebook.com\/CaririEmAcao\/?ref=aymt_homepage_panel\">Facebook<\/a>,\u00a0<a href=\"https:\/\/www.instagram.com\/cariri_em_acao\/?hl=pt-br\">Instagram<\/a>\u00a0e\u00a0<a href=\"https:\/\/www.youtube.com\/channel\/UCAptA0jQuYQy8vMhLt2m4qg\">Youtube<\/a>\u00a0e veja nossas mat\u00e9rias, v\u00eddeos e fotos. Voc\u00ea tamb\u00e9m pode enviar informa\u00e7\u00f5es \u00e0 Reda\u00e7\u00e3o do Portal Cariri em A\u00e7\u00e3o pelo WhatsApp (83) 9 9634.5791, (83) 9 9601-1162.<\/p>\n<p>&nbsp;<\/p>\n","protected":false},"excerpt":{"rendered":"<p>O\u00a0Globo\u00a0entra em campo neste domingo pela 17\u00aa rodada ainda acreditando na classifica\u00e7\u00e3o \u00e0s quartas do\u00a0Campeonato Brasileiro S\u00e9rie C. \u00c0s 16 horas, no est\u00e1dio Barrett\u00e3o, encara&hellip; <\/p>\n","protected":false},"author":1,"featured_media":59922,"comment_status":"closed","ping_status":"closed","sticky":false,"template":"","format":"standard","meta":{"sfsi_plus_gutenberg_text_before_share":"","sfsi_plus_gutenberg_show_text_before_share":"","sfsi_plus_gutenberg_icon_type":"","sfsi_plus_gutenberg_icon_alignemt":"","sfsi_plus_gutenburg_max_per_row":"","footnotes":""},"categories":[13],"tags":[],"class_list":["post-59921","post","type-post","status-publish","format-standard","has-post-thumbnail","hentry","category-esportes"],"_links":{"self":[{"href":"https:\/\/www.caririemacao.com\/1\/wp-json\/wp\/v2\/posts\/59921","targetHints":{"allow":["GET"]}}],"collection":[{"href":"https:\/\/www.caririemacao.com\/1\/wp-json\/wp\/v2\/posts"}],"about":[{"href":"https:\/\/www.caririemacao.com\/1\/wp-json\/wp\/v2\/types\/post"}],"author":[{"embeddable":true,"href":"https:\/\/www.caririemacao.com\/1\/wp-json\/wp\/v2\/users\/1"}],"replies":[{"embeddable":true,"href":"https:\/\/www.caririemacao.com\/1\/wp-json\/wp\/v2\/comments?post=59921"}],"version-history":[{"count":1,"href":"https:\/\/www.caririemacao.com\/1\/wp-json\/wp\/v2\/posts\/59921\/revisions"}],"predecessor-version":[{"id":59923,"href":"https:\/\/www.caririemacao.com\/1\/wp-json\/wp\/v2\/posts\/59921\/revisions\/59923"}],"wp:featuredmedia":[{"embeddable":true,"href":"https:\/\/www.caririemacao.com\/1\/wp-json\/wp\/v2\/media\/59922"}],"wp:attachment":[{"href":"https:\/\/www.caririemacao.com\/1\/wp-json\/wp\/v2\/media?parent=59921"}],"wp:term":[{"taxonomy":"category","embeddable":true,"href":"https:\/\/www.caririemacao.com\/1\/wp-json\/wp\/v2\/categories?post=59921"},{"taxonomy":"post_tag","embeddable":true,"href":"https:\/\/www.caririemacao.com\/1\/wp-json\/wp\/v2\/tags?post=59921"}],"curies":[{"name":"wp","href":"https:\/\/api.w.org\/{rel}","templated":true}]}}