{"id":59924,"date":"2018-08-05T11:34:23","date_gmt":"2018-08-05T14:34:23","guid":{"rendered":"http:\/\/caririemacao.com\/1\/?p=59924"},"modified":"2018-08-05T11:34:23","modified_gmt":"2018-08-05T14:34:23","slug":"progressistas-realizam-convencao-em-joao-pessoa-para-homologar-candidaturas","status":"publish","type":"post","link":"https:\/\/www.caririemacao.com\/1\/2018\/08\/05\/progressistas-realizam-convencao-em-joao-pessoa-para-homologar-candidaturas\/","title":{"rendered":"Progressistas realizam conven\u00e7\u00e3o em Jo\u00e3o Pessoa para homologar candidaturas"},"content":{"rendered":"<p>Antes de seguir para a conven\u00e7\u00e3o do PV, que na tarde deste domingo (5) vai homologar o nome de Luc\u00e9lio Cartaxo como candidato do partido ao governo do estado, os integrantes do Progressistas, antigo PP, realizaram durante a manh\u00e3 a conven\u00e7\u00e3o que homologou a candidatura de Daniella Ribeiro ao Senado.<\/p>\n<p>O encontro ocorreu na sede do partido, em Jo\u00e3o Pessoa. Al\u00e9m de Daniella, tamb\u00e9m participaram da conven\u00e7\u00e3o o vice-prefeito de Campina Grande, Enivaldo Ribeiro, presidente de honra da legenda; e o deputado federal Aguinaldo Ribeiro, que preside a legenda e disputar\u00e1 a reelei\u00e7\u00e3o.<\/p>\n<p>Al\u00e9m da candidatura de Daniella, que integrar\u00e1 a chapa de Luc\u00e9lio ao lado de C\u00e1ssio Cunha Lima (PSDB), que tamb\u00e9m disputar\u00e1 o Senado, a conven\u00e7\u00e3o do Progressistas homologou ainda as candidaturas a deputados federal e estadual da legenda.<\/p>\n<p>&nbsp;<\/p>\n<p>Fonte: Para\u00edba Online\/Foto: Para\u00edba Online<\/p>\n<p>Leia mais not\u00edcias em\u00a0<a href=\"http:\/\/www.caririemacao.com\/\">caririemacao.com<\/a>, siga nossa p\u00e1gina no\u00a0<a href=\"https:\/\/www.facebook.com\/CaririEmAcao\/?ref=aymt_homepage_panel\">Facebook<\/a>,\u00a0<a href=\"https:\/\/www.instagram.com\/cariri_em_acao\/?hl=pt-br\">Instagram<\/a>\u00a0e\u00a0<a href=\"https:\/\/www.youtube.com\/channel\/UCAptA0jQuYQy8vMhLt2m4qg\">Youtube<\/a>\u00a0e veja nossas mat\u00e9rias, v\u00eddeos e fotos. Voc\u00ea tamb\u00e9m pode enviar informa\u00e7\u00f5es \u00e0 Reda\u00e7\u00e3o do Portal Cariri em A\u00e7\u00e3o pelo WhatsApp (83) 9 9634.5791, (83) 9 9601-1162.<\/p>\n","protected":false},"excerpt":{"rendered":"<p>Antes de seguir para a conven\u00e7\u00e3o do PV, que na tarde deste domingo (5) vai homologar o nome de Luc\u00e9lio Cartaxo como candidato do partido&hellip; <\/p>\n","protected":false},"author":1,"featured_media":59925,"comment_status":"closed","ping_status":"closed","sticky":false,"template":"","format":"standard","meta":{"sfsi_plus_gutenberg_text_before_share":"","sfsi_plus_gutenberg_show_text_before_share":"","sfsi_plus_gutenberg_icon_type":"","sfsi_plus_gutenberg_icon_alignemt":"","sfsi_plus_gutenburg_max_per_row":"","footnotes":""},"categories":[1],"tags":[],"class_list":["post-59924","post","type-post","status-publish","format-standard","has-post-thumbnail","hentry","category-o-site"],"_links":{"self":[{"href":"https:\/\/www.caririemacao.com\/1\/wp-json\/wp\/v2\/posts\/59924","targetHints":{"allow":["GET"]}}],"collection":[{"href":"https:\/\/www.caririemacao.com\/1\/wp-json\/wp\/v2\/posts"}],"about":[{"href":"https:\/\/www.caririemacao.com\/1\/wp-json\/wp\/v2\/types\/post"}],"author":[{"embeddable":true,"href":"https:\/\/www.caririemacao.com\/1\/wp-json\/wp\/v2\/users\/1"}],"replies":[{"embeddable":true,"href":"https:\/\/www.caririemacao.com\/1\/wp-json\/wp\/v2\/comments?post=59924"}],"version-history":[{"count":1,"href":"https:\/\/www.caririemacao.com\/1\/wp-json\/wp\/v2\/posts\/59924\/revisions"}],"predecessor-version":[{"id":59926,"href":"https:\/\/www.caririemacao.com\/1\/wp-json\/wp\/v2\/posts\/59924\/revisions\/59926"}],"wp:featuredmedia":[{"embeddable":true,"href":"https:\/\/www.caririemacao.com\/1\/wp-json\/wp\/v2\/media\/59925"}],"wp:attachment":[{"href":"https:\/\/www.caririemacao.com\/1\/wp-json\/wp\/v2\/media?parent=59924"}],"wp:term":[{"taxonomy":"category","embeddable":true,"href":"https:\/\/www.caririemacao.com\/1\/wp-json\/wp\/v2\/categories?post=59924"},{"taxonomy":"post_tag","embeddable":true,"href":"https:\/\/www.caririemacao.com\/1\/wp-json\/wp\/v2\/tags?post=59924"}],"curies":[{"name":"wp","href":"https:\/\/api.w.org\/{rel}","templated":true}]}}