{"id":59977,"date":"2018-08-05T13:16:38","date_gmt":"2018-08-05T16:16:38","guid":{"rendered":"http:\/\/caririemacao.com\/1\/?p=59977"},"modified":"2018-08-05T13:16:38","modified_gmt":"2018-08-05T16:16:38","slug":"em-cima-do-muro-presidente-do-psdb-ex-prefeito-de-sao-joao-do-tigre-anuncia-voto-em-maranhao-e-vai-a-convencao-do-psb","status":"publish","type":"post","link":"https:\/\/www.caririemacao.com\/1\/2018\/08\/05\/em-cima-do-muro-presidente-do-psdb-ex-prefeito-de-sao-joao-do-tigre-anuncia-voto-em-maranhao-e-vai-a-convencao-do-psb\/","title":{"rendered":"EM CIMA DO MURO: Presidente do PSDB, ex-prefeito de S\u00e3o Jo\u00e3o do Tigre anuncia voto em Maranh\u00e3o e vai \u00e0 conven\u00e7\u00e3o do PSB"},"content":{"rendered":"<p>A oposi\u00e7\u00e3o de S\u00e3o Jo\u00e3o do Tigre anda mesmo indefinida para as elei\u00e7\u00f5es de 2018 e ao que parece coer\u00eancia n\u00e3o \u00e9 seu forte. O ex-prefeito Eduardo Jorge, presidente municipal do PSDB, anunciou recentemente seu apoio a pr\u00e9-candidatura de Maranh\u00e3o, o que em si \u00e9 uma trai\u00e7\u00e3o ao partido que \u00e9 o principal avalista da candidatura de Luc\u00e9lio Cartaxo. N\u00e3o bastasse isso, Eduardo Jorge foi visto no meio da multid\u00e3o que prestigiou o lan\u00e7amento da candidatura de Jo\u00e3o Azevedo (PSB) na tarde deste s\u00e1bado (04).<\/p>\n<p>Eduardo Jorge buscou ficar no meio do povo, talvez na esperan\u00e7a de n\u00e3o ser visto, mas foi flagrado por um eleitor de Jo\u00e3o Azevedo atento ao tucano em ninho estranho ao seu.<\/p>\n<p>T\u00e3o em cima do muro, seus eleitores n\u00e3o sabem em quem a oposi\u00e7\u00e3o de S\u00e3o Jo\u00e3o do Tigre vai votar e fatalmente os pr\u00e9-candidatos tamb\u00e9m j\u00e1 devem estar atentos a essas mudan\u00e7as de posi\u00e7\u00e3o por conveni\u00eancia.<\/p>\n<p>Recentemente, Eduardo Jorge posou para foto ao lado do senador Maranh\u00e3o confirmando a pr\u00e9-candidatura \u00e0 deputada estadual da postulante derrotada nas \u00faltimas elei\u00e7\u00f5es municipais em S\u00e3o Jo\u00e3o do Tigre. Sandra Mendes \u00e9 do PR e ser\u00e1 candidata a pedido do deputado federal Welington Roberto. Eduardo Jorge \u00e9 ainda presidente do PSDB municipal, aliado do senador C\u00e1ssio e era esperado seu apoio a postula\u00e7\u00e3o de Luc\u00e9lio Cartaxo. O que n\u00e3o se sabe mesmo \u00e9 quem ele apoiar\u00e1.<\/p>\n<p><img fetchpriority=\"high\" decoding=\"async\" class=\"aligncenter  wp-image-55284\" src=\"http:\/\/deolhonocariri.com.br\/wp-content\/uploads\/2018\/08\/sergio_freitas-600x600.jpg\" sizes=\"(max-width: 457px) 100vw, 457px\" srcset=\"https:\/\/deolhonocariri.com.br\/wp-content\/uploads\/2018\/08\/sergio_freitas-600x600.jpg 600w, https:\/\/deolhonocariri.com.br\/wp-content\/uploads\/2018\/08\/sergio_freitas-400x400.jpg 400w, https:\/\/deolhonocariri.com.br\/wp-content\/uploads\/2018\/08\/sergio_freitas-768x768.jpg 768w, https:\/\/deolhonocariri.com.br\/wp-content\/uploads\/2018\/08\/sergio_freitas-900x900.jpg 900w, https:\/\/deolhonocariri.com.br\/wp-content\/uploads\/2018\/08\/sergio_freitas.jpg 960w\" alt=\"\" width=\"457\" height=\"457\" \/><\/p>\n<p>Mas as contradi\u00e7\u00f5es n\u00e3o param por a\u00ed. Candidato a vereador nas \u00faltimas elei\u00e7\u00f5es e hoje na oposi\u00e7\u00e3o, S\u00e9rgio Freitas \u00e9 outro que do ano passado para c\u00e1 j\u00e1 tirou foto com dois dos atuais candidatos e afinal, ningu\u00e9m sabe ao certo qual o seu apoio.<\/p>\n<p>Antes no Avante, o ex-candidato a vereador sinalizou apoio a Luc\u00e9lio para o Governo. Nos \u00faltimos dias declarou em seu facebook que assumiria o MDB de S\u00e3o Jo\u00e3o do Tigre e j\u00e1 mudou de opini\u00e3o, votando no senador Jos\u00e9 Maranh\u00e3o.<\/p>\n<p>Sem coer\u00eancia, a oposi\u00e7\u00e3o de S\u00e3o Jo\u00e3o do Tigre pode amargar mais uma derrota no atual pleito eleitoral.<\/p>\n<p>&nbsp;<\/p>\n<p>Fonte: De Olho No Cariri\/Foto: Reprodu\u00e7\u00e3o<\/p>\n<p>Leia mais not\u00edcias em\u00a0<a href=\"http:\/\/www.caririemacao.com\/\">caririemacao.com<\/a>, siga nossa p\u00e1gina no\u00a0<a href=\"https:\/\/www.facebook.com\/CaririEmAcao\/?ref=aymt_homepage_panel\">Facebook<\/a>,\u00a0<a href=\"https:\/\/www.instagram.com\/cariri_em_acao\/?hl=pt-br\">Instagram<\/a>\u00a0e\u00a0<a href=\"https:\/\/www.youtube.com\/channel\/UCAptA0jQuYQy8vMhLt2m4qg\">Youtube<\/a>\u00a0e veja nossas mat\u00e9rias, v\u00eddeos e fotos. Voc\u00ea tamb\u00e9m pode enviar informa\u00e7\u00f5es \u00e0 Reda\u00e7\u00e3o do Portal Cariri em A\u00e7\u00e3o pelo WhatsApp (83) 9 9634.5791, (83) 9 9601-1162.<\/p>\n","protected":false},"excerpt":{"rendered":"<p>A oposi\u00e7\u00e3o de S\u00e3o Jo\u00e3o do Tigre anda mesmo indefinida para as elei\u00e7\u00f5es de 2018 e ao que parece coer\u00eancia n\u00e3o \u00e9 seu forte. O&hellip; <\/p>\n","protected":false},"author":1,"featured_media":59978,"comment_status":"closed","ping_status":"closed","sticky":false,"template":"","format":"standard","meta":{"sfsi_plus_gutenberg_text_before_share":"","sfsi_plus_gutenberg_show_text_before_share":"","sfsi_plus_gutenberg_icon_type":"","sfsi_plus_gutenberg_icon_alignemt":"","sfsi_plus_gutenburg_max_per_row":"","footnotes":""},"categories":[1],"tags":[],"class_list":["post-59977","post","type-post","status-publish","format-standard","has-post-thumbnail","hentry","category-o-site"],"_links":{"self":[{"href":"https:\/\/www.caririemacao.com\/1\/wp-json\/wp\/v2\/posts\/59977","targetHints":{"allow":["GET"]}}],"collection":[{"href":"https:\/\/www.caririemacao.com\/1\/wp-json\/wp\/v2\/posts"}],"about":[{"href":"https:\/\/www.caririemacao.com\/1\/wp-json\/wp\/v2\/types\/post"}],"author":[{"embeddable":true,"href":"https:\/\/www.caririemacao.com\/1\/wp-json\/wp\/v2\/users\/1"}],"replies":[{"embeddable":true,"href":"https:\/\/www.caririemacao.com\/1\/wp-json\/wp\/v2\/comments?post=59977"}],"version-history":[{"count":1,"href":"https:\/\/www.caririemacao.com\/1\/wp-json\/wp\/v2\/posts\/59977\/revisions"}],"predecessor-version":[{"id":59979,"href":"https:\/\/www.caririemacao.com\/1\/wp-json\/wp\/v2\/posts\/59977\/revisions\/59979"}],"wp:featuredmedia":[{"embeddable":true,"href":"https:\/\/www.caririemacao.com\/1\/wp-json\/wp\/v2\/media\/59978"}],"wp:attachment":[{"href":"https:\/\/www.caririemacao.com\/1\/wp-json\/wp\/v2\/media?parent=59977"}],"wp:term":[{"taxonomy":"category","embeddable":true,"href":"https:\/\/www.caririemacao.com\/1\/wp-json\/wp\/v2\/categories?post=59977"},{"taxonomy":"post_tag","embeddable":true,"href":"https:\/\/www.caririemacao.com\/1\/wp-json\/wp\/v2\/tags?post=59977"}],"curies":[{"name":"wp","href":"https:\/\/api.w.org\/{rel}","templated":true}]}}