{"id":59981,"date":"2018-08-05T13:29:53","date_gmt":"2018-08-05T16:29:53","guid":{"rendered":"http:\/\/caririemacao.com\/1\/?p=59981"},"modified":"2018-08-05T13:29:53","modified_gmt":"2018-08-05T16:29:53","slug":"com-apenas-pr-e-patriotas-na-alianca-mdb-lancara-chapa-so-com-roberto-paulino-ao-senado","status":"publish","type":"post","link":"https:\/\/www.caririemacao.com\/1\/2018\/08\/05\/com-apenas-pr-e-patriotas-na-alianca-mdb-lancara-chapa-so-com-roberto-paulino-ao-senado\/","title":{"rendered":"Com apenas PR e Patriotas na alian\u00e7a, MDB lan\u00e7ar\u00e1 chapa s\u00f3 com Roberto Paulino ao Senado"},"content":{"rendered":"<p>Foi divulgada a informa\u00e7\u00e3o de que o candidato ao Governo pelo MDB, Jos\u00e9 Maranh\u00e3o, ter\u00e1 apenas o ex-governador Roberto Paulino candidato ao Senado.<\/p>\n<p>A conven\u00e7\u00e3o do MDB acontecer\u00e1 na tarde deste domingo (05) no Esporte Clube Cabo Branco, em Jo\u00e3o Pessoa. Segundo WS, a candidatura de Maranh\u00e3o ao governo ter\u00e1 Bruno Roberto como vice, mas deve apresentar apenas o ex-governador Roberto Paulino ao Senado.<\/p>\n<p>O T\u00e1 Na \u00c1rea apurou tamb\u00e9m que os suplentes de Paulino dever\u00e1 ser a ex-deputada Olenka Maranh\u00e3o (MDB) e o secret\u00e1rio pessoal de Maranh\u00e3o, Dihego Amaranto.<\/p>\n<p>O MDB conseguiu alian\u00e7a apenas com o PR e o Patriotas para o pleito. Com a dificuldade de eleger Olenka Maranh\u00e3o para a Assembleia Legislativa nessa coliga\u00e7\u00e3o, Maranh\u00e3o indicou Olenka para a supl\u00eancia de Paulino.<\/p>\n<p>J\u00e1 o segundo suplente, Dihego Amaranto, disputou o cargo de vereador de Jo\u00e3o Pessoa em 2016, mas obteve apenas 197 votos. Ele se apresentava no pleito como o vereador de Z\u00e9, mas mesmo assim n\u00e3o obteve \u00eaxito.<\/p>\n<p style=\"text-align: right;\">\u00a0<em><strong>Para\u00edba J\u00e1\/Foto: Internet<\/strong><\/em><\/p>\n","protected":false},"excerpt":{"rendered":"<p>Foi divulgada a informa\u00e7\u00e3o de que o candidato ao Governo pelo MDB, Jos\u00e9 Maranh\u00e3o, ter\u00e1 apenas o ex-governador Roberto Paulino candidato ao Senado. A conven\u00e7\u00e3o&hellip; <\/p>\n","protected":false},"author":1,"featured_media":57818,"comment_status":"closed","ping_status":"closed","sticky":false,"template":"","format":"standard","meta":{"sfsi_plus_gutenberg_text_before_share":"","sfsi_plus_gutenberg_show_text_before_share":"","sfsi_plus_gutenberg_icon_type":"","sfsi_plus_gutenberg_icon_alignemt":"","sfsi_plus_gutenburg_max_per_row":"","footnotes":""},"categories":[1],"tags":[],"class_list":["post-59981","post","type-post","status-publish","format-standard","has-post-thumbnail","hentry","category-o-site"],"_links":{"self":[{"href":"https:\/\/www.caririemacao.com\/1\/wp-json\/wp\/v2\/posts\/59981","targetHints":{"allow":["GET"]}}],"collection":[{"href":"https:\/\/www.caririemacao.com\/1\/wp-json\/wp\/v2\/posts"}],"about":[{"href":"https:\/\/www.caririemacao.com\/1\/wp-json\/wp\/v2\/types\/post"}],"author":[{"embeddable":true,"href":"https:\/\/www.caririemacao.com\/1\/wp-json\/wp\/v2\/users\/1"}],"replies":[{"embeddable":true,"href":"https:\/\/www.caririemacao.com\/1\/wp-json\/wp\/v2\/comments?post=59981"}],"version-history":[{"count":1,"href":"https:\/\/www.caririemacao.com\/1\/wp-json\/wp\/v2\/posts\/59981\/revisions"}],"predecessor-version":[{"id":59982,"href":"https:\/\/www.caririemacao.com\/1\/wp-json\/wp\/v2\/posts\/59981\/revisions\/59982"}],"wp:featuredmedia":[{"embeddable":true,"href":"https:\/\/www.caririemacao.com\/1\/wp-json\/wp\/v2\/media\/57818"}],"wp:attachment":[{"href":"https:\/\/www.caririemacao.com\/1\/wp-json\/wp\/v2\/media?parent=59981"}],"wp:term":[{"taxonomy":"category","embeddable":true,"href":"https:\/\/www.caririemacao.com\/1\/wp-json\/wp\/v2\/categories?post=59981"},{"taxonomy":"post_tag","embeddable":true,"href":"https:\/\/www.caririemacao.com\/1\/wp-json\/wp\/v2\/tags?post=59981"}],"curies":[{"name":"wp","href":"https:\/\/api.w.org\/{rel}","templated":true}]}}