{"id":59983,"date":"2018-08-05T13:37:20","date_gmt":"2018-08-05T16:37:20","guid":{"rendered":"http:\/\/caririemacao.com\/1\/?p=59983"},"modified":"2018-08-05T13:37:20","modified_gmt":"2018-08-05T16:37:20","slug":"general-hamilton-mourao-sera-o-vice-de-jair-bolsonaro","status":"publish","type":"post","link":"https:\/\/www.caririemacao.com\/1\/2018\/08\/05\/general-hamilton-mourao-sera-o-vice-de-jair-bolsonaro\/","title":{"rendered":"General Hamilton Mour\u00e3o ser\u00e1 o vice de Jair Bolsonaro"},"content":{"rendered":"<p>O PRTB divulgou neste domingo, 5, que o general Hamilton Mour\u00e3o ser\u00e1 o vice da chapa de Jair Bolsonaro, presidenci\u00e1vel do PSL. O nome ser\u00e1 confirmado em conven\u00e7\u00e3o do PRTB no per\u00edodo da tarde.<\/p>\n<p>Uma falha nos microfones interrompeu o discurso do deputado e candidato \u00e0 Presid\u00eancia da Rep\u00fablica Jair Bolsonaro pela manh\u00e3, durante a conven\u00e7\u00e3o do PSL de S\u00e3o Paulo. Depois que os equipamentos pararam de funcionar, ele e o deputado Major Ol\u00edmpio, presidente do diret\u00f3rio estadual do partido, deixaram a conven\u00e7\u00e3o.<\/p>\n<p>Bolsonaro chegou a declarar, quando sua fala estava quase inaud\u00edvel, que o vice de sua chapa ser\u00e1 anunciado na conven\u00e7\u00e3o do PRTB, com a presen\u00e7a do presidente do partido, Levy Fidelix e do general Mour\u00e3o. Perguntado pelo Estado se Hamilton seria anunciado vice, Ol\u00edmpio respondeu que &#8220;pode ser&#8221;.<\/p>\n<p>Antes da chegada de Bolsonaro, a conven\u00e7\u00e3o do PSL oficializou a candidatura do deputado Major Ol\u00edmpio ao Senado. O partido n\u00e3o lan\u00e7ar\u00e1 candidato a governador ou um segundo nome ao Senado. O astronauta Marcos Pontes, primeiro brasileiro a ir para o espa\u00e7o, em 2006, \u00e9 o segundo suplente da chapa de Major Ol\u00edmpio e o empres\u00e1rio Alexandre Giordano, o primeiro suplente.<\/p>\n<p>Em seu discurso, Bolsonaro agradeceu as pessoas que sondou para ocupar o posto de vice, incluindo o senador Magno Malta e Marcos Pontes.<\/p>\n<p style=\"text-align: right;\"><strong><em>Terra\/Foto: Internet\u00a0<\/em><\/strong><\/p>\n","protected":false},"excerpt":{"rendered":"<p>O PRTB divulgou neste domingo, 5, que o general Hamilton Mour\u00e3o ser\u00e1 o vice da chapa de Jair Bolsonaro, presidenci\u00e1vel do PSL. O nome ser\u00e1&hellip; <\/p>\n","protected":false},"author":1,"featured_media":59987,"comment_status":"closed","ping_status":"closed","sticky":false,"template":"","format":"standard","meta":{"sfsi_plus_gutenberg_text_before_share":"","sfsi_plus_gutenberg_show_text_before_share":"","sfsi_plus_gutenberg_icon_type":"","sfsi_plus_gutenberg_icon_alignemt":"","sfsi_plus_gutenburg_max_per_row":"","footnotes":""},"categories":[11],"tags":[],"class_list":["post-59983","post","type-post","status-publish","format-standard","has-post-thumbnail","hentry","category-politica"],"_links":{"self":[{"href":"https:\/\/www.caririemacao.com\/1\/wp-json\/wp\/v2\/posts\/59983","targetHints":{"allow":["GET"]}}],"collection":[{"href":"https:\/\/www.caririemacao.com\/1\/wp-json\/wp\/v2\/posts"}],"about":[{"href":"https:\/\/www.caririemacao.com\/1\/wp-json\/wp\/v2\/types\/post"}],"author":[{"embeddable":true,"href":"https:\/\/www.caririemacao.com\/1\/wp-json\/wp\/v2\/users\/1"}],"replies":[{"embeddable":true,"href":"https:\/\/www.caririemacao.com\/1\/wp-json\/wp\/v2\/comments?post=59983"}],"version-history":[{"count":1,"href":"https:\/\/www.caririemacao.com\/1\/wp-json\/wp\/v2\/posts\/59983\/revisions"}],"predecessor-version":[{"id":59988,"href":"https:\/\/www.caririemacao.com\/1\/wp-json\/wp\/v2\/posts\/59983\/revisions\/59988"}],"wp:featuredmedia":[{"embeddable":true,"href":"https:\/\/www.caririemacao.com\/1\/wp-json\/wp\/v2\/media\/59987"}],"wp:attachment":[{"href":"https:\/\/www.caririemacao.com\/1\/wp-json\/wp\/v2\/media?parent=59983"}],"wp:term":[{"taxonomy":"category","embeddable":true,"href":"https:\/\/www.caririemacao.com\/1\/wp-json\/wp\/v2\/categories?post=59983"},{"taxonomy":"post_tag","embeddable":true,"href":"https:\/\/www.caririemacao.com\/1\/wp-json\/wp\/v2\/tags?post=59983"}],"curies":[{"name":"wp","href":"https:\/\/api.w.org\/{rel}","templated":true}]}}