{"id":59989,"date":"2018-08-05T13:39:25","date_gmt":"2018-08-05T16:39:25","guid":{"rendered":"http:\/\/caririemacao.com\/1\/?p=59989"},"modified":"2018-08-05T13:39:25","modified_gmt":"2018-08-05T16:39:25","slug":"psb-decide-nao-apoiar-nenhum-candidato-a-presidente","status":"publish","type":"post","link":"https:\/\/www.caririemacao.com\/1\/2018\/08\/05\/psb-decide-nao-apoiar-nenhum-candidato-a-presidente\/","title":{"rendered":"PSB decide n\u00e3o apoiar nenhum candidato a presidente"},"content":{"rendered":"<div class=\"titulo\">\n<p>Por aclama\u00e7\u00e3o e sem absten\u00e7\u00f5es, o PSB decidiu neste domingo (5), em conven\u00e7\u00e3o nacional,\u00a0n\u00e3o apoiar formalmente\u00a0presidenci\u00e1veis na disputa eleitoral\u00a0de outubro\u00a0ou fazer coliga\u00e7\u00f5es com outros partidos.<\/p>\n<\/div>\n<div class=\"content\">\n<p>A aposta \u00e9 que, com esse formato, o partido consiga emplacar os dez\u00a0nomes do PSB que disputam governos estaduais, al\u00e9m dos 11\u00a0candidatos ao Senado pela legenda. Com essa decis\u00e3o,\u00a0a legenda pretende\u00a0formar alian\u00e7as de centro-esquerda com orienta\u00e7\u00e3o para uma agenda progressista nas disputas regionais.<\/p>\n<p>O partido chegou a analisar a proposta\u00a0apoiar\u00a0Ciro Gomes, que teve nome aprovado pelo PDT no primeiro dia de conven\u00e7\u00f5es (20 de julho), mas a iniciativa foi derrotada.<\/p>\n<p>Na pr\u00e1tica, haveria um acordo com o\u00a0PT para apoiar\u00a0candidatos do PSB em, pelo menos, quatro estados \u2013 Pernambuco, Amap\u00e1, Amazonas\u00a0e Para\u00edba\u00a0\u2013 al\u00e9m da possibilidade de inclus\u00e3o de Tocantins.<\/p>\n<p>Em contrapartida, o PSB daria apoio aos petistas que disputam os governos do\u00a0Acre, da Bahia, do Cear\u00e1 e do Rio Grande do Norte. Neste formato, os socialistas teriam liberdade ainda para alian\u00e7as com outras legendas como o PDT, buscando o fortalecimento da base nos estados.<\/p>\n<p>A legenda chegou a cogitar candidatura pr\u00f3pria para Presid\u00eancia, mas que foi inviabilizada em maio, quando o ent\u00e3o nome apoiado pelo PSB \u2013\u00a0o de Joaquim Barbosa, ex-ministro do STF \u2013\u00a0anunciou que n\u00e3o disputaria as elei\u00e7\u00f5es.<\/p>\n<p><strong>Disputas internas<\/strong><\/p>\n<p>Enquanto a vota\u00e7\u00e3o sobre o apoio ou n\u00e3o a um presidenci\u00e1vel foi tranquila, as discuss\u00f5es sobre as diverg\u00eancias nos estados esquentam\u00a0o debate.<\/p>\n<p>Desde o momento do credenciamento, cartazes, faixas e gritos de protesto e de ordem de\u00a0diferentes correntes do partido nos estados \u2013 como Rio\u00a0de Janeiro\u00a0e Minas Gerais, onde a escolha de candidatos foi marcada por fortes diverg\u00eancias \u2013 sinalizavam qual seria a temperatura da conven\u00e7\u00e3o.<\/p>\n<p>O primeiro recurso a ser votado foi em rela\u00e7\u00e3o \u00e0 candidatura de M\u00e1rcio Lacerda, em Minas Gerais, que, por decis\u00e3o da presid\u00eancia do partido acabou sendo anulada.<\/p>\n<p style=\"text-align: right;\"><em><strong>Ag\u00eancia Brasil\/Foto: Internet\u00a0<\/strong><\/em><\/p>\n<\/div>\n","protected":false},"excerpt":{"rendered":"<p>Por aclama\u00e7\u00e3o e sem absten\u00e7\u00f5es, o PSB decidiu neste domingo (5), em conven\u00e7\u00e3o nacional,\u00a0n\u00e3o apoiar formalmente\u00a0presidenci\u00e1veis na disputa eleitoral\u00a0de outubro\u00a0ou fazer coliga\u00e7\u00f5es com outros partidos.&hellip; <\/p>\n","protected":false},"author":1,"featured_media":46835,"comment_status":"closed","ping_status":"closed","sticky":false,"template":"","format":"standard","meta":{"sfsi_plus_gutenberg_text_before_share":"","sfsi_plus_gutenberg_show_text_before_share":"","sfsi_plus_gutenberg_icon_type":"","sfsi_plus_gutenberg_icon_alignemt":"","sfsi_plus_gutenburg_max_per_row":"","footnotes":""},"categories":[11],"tags":[],"class_list":["post-59989","post","type-post","status-publish","format-standard","has-post-thumbnail","hentry","category-politica"],"_links":{"self":[{"href":"https:\/\/www.caririemacao.com\/1\/wp-json\/wp\/v2\/posts\/59989","targetHints":{"allow":["GET"]}}],"collection":[{"href":"https:\/\/www.caririemacao.com\/1\/wp-json\/wp\/v2\/posts"}],"about":[{"href":"https:\/\/www.caririemacao.com\/1\/wp-json\/wp\/v2\/types\/post"}],"author":[{"embeddable":true,"href":"https:\/\/www.caririemacao.com\/1\/wp-json\/wp\/v2\/users\/1"}],"replies":[{"embeddable":true,"href":"https:\/\/www.caririemacao.com\/1\/wp-json\/wp\/v2\/comments?post=59989"}],"version-history":[{"count":1,"href":"https:\/\/www.caririemacao.com\/1\/wp-json\/wp\/v2\/posts\/59989\/revisions"}],"predecessor-version":[{"id":59991,"href":"https:\/\/www.caririemacao.com\/1\/wp-json\/wp\/v2\/posts\/59989\/revisions\/59991"}],"wp:featuredmedia":[{"embeddable":true,"href":"https:\/\/www.caririemacao.com\/1\/wp-json\/wp\/v2\/media\/46835"}],"wp:attachment":[{"href":"https:\/\/www.caririemacao.com\/1\/wp-json\/wp\/v2\/media?parent=59989"}],"wp:term":[{"taxonomy":"category","embeddable":true,"href":"https:\/\/www.caririemacao.com\/1\/wp-json\/wp\/v2\/categories?post=59989"},{"taxonomy":"post_tag","embeddable":true,"href":"https:\/\/www.caririemacao.com\/1\/wp-json\/wp\/v2\/tags?post=59989"}],"curies":[{"name":"wp","href":"https:\/\/api.w.org\/{rel}","templated":true}]}}