{"id":60387,"date":"2018-08-07T08:41:46","date_gmt":"2018-08-07T11:41:46","guid":{"rendered":"http:\/\/caririemacao.com\/1\/?p=60387"},"modified":"2018-08-07T08:41:46","modified_gmt":"2018-08-07T11:41:46","slug":"vacinacao-contra-sarampo-e-poliomielite-comecou-nesta-segunda-em-sume","status":"publish","type":"post","link":"https:\/\/www.caririemacao.com\/1\/2018\/08\/07\/vacinacao-contra-sarampo-e-poliomielite-comecou-nesta-segunda-em-sume\/","title":{"rendered":"Vacina\u00e7\u00e3o contra sarampo e poliomielite come\u00e7ou nesta segunda em Sum\u00e9"},"content":{"rendered":"<p><strong>Vacina\u00e7\u00e3o contra sarampo e poliomielite come\u00e7ou nesta segunda em Sum\u00e9<\/strong><\/p>\n<p>A campanha nacional de vacina\u00e7\u00e3o contra poliomielite e sarampo come\u00e7ou nesta segunda-feira (6) e vai at\u00e9 o dia 31 de agosto.<\/p>\n<p>Crian\u00e7as entre 1 e menores de 5 anos podem ser levadas ao posto de sa\u00fade para receber vacina, independente se j\u00e1 tomaram o imunizante ou n\u00e3o &#8212; com exce\u00e7\u00e3o para quem tomou a vacina mais recentemente, nos \u00faltimos 30 dias.<\/p>\n<p>O Minist\u00e9rio da Sa\u00fade espera vacinar 11,2 milh\u00f5es de crian\u00e7as e a meta \u00e9 chegar a pelo menos 95% delas. A campanha tem por objetivos:<\/p>\n<ol>\n<li>Vacinar quem nunca tomou a vacina;<\/li>\n<li>Completar todo o esquema de vacina\u00e7\u00e3o de quem n\u00e3o tomou todas as vacinas;<\/li>\n<li>Dar uma dose de refor\u00e7o para quem j\u00e1 se vacinou completamente (ou seja, tomou todas as doses necess\u00e1rias \u00e0 prote\u00e7\u00e3o).<\/li>\n<\/ol>\n<p>A campanha nacional vai at\u00e9 o final do m\u00eas e trata-se de uma campanha de mobiliza\u00e7\u00e3o, j\u00e1 que a vacina contra o sarampo fica dispon\u00edvel o ano inteiro nos postos de sa\u00fade.<\/p>\n<p>O Brasil tem\u00a0822 casos confirmados de sarampo em 2018. J\u00e1 em rela\u00e7\u00e3o \u00e0 paralisia infantil, trata-se de uma precau\u00e7\u00e3o, j\u00e1 que\u00a0312 cidades est\u00e3o abaixo da meta\u00a0preconizada para o controle da doen\u00e7a e\u00a0um caso foi registrado na Venezuela em junho. N\u00e3o h\u00e1, contudo, casos de paralisia infantil no Brasil.<\/p>\n<p>No dia 18 de agosto, acontecer\u00e1 o Dia D de mobiliza\u00e7\u00e3o, neste dia as Unidades B\u00e1sicas de Sa\u00fade (UBS) do munic\u00edpio de Sum\u00e9 estar\u00e3o abertas das 7h \u00e0s 11h e das 13h \u00e0s 17. Pais ou respons\u00e1veis por crian\u00e7as na faixa et\u00e1ria devem levar a caderneta de vacina\u00e7\u00e3o<\/p>\n<p style=\"text-align: right;\"><em><strong>Ascom\/PMS<\/strong><\/em><\/p>\n","protected":false},"excerpt":{"rendered":"<p>Vacina\u00e7\u00e3o contra sarampo e poliomielite come\u00e7ou nesta segunda em Sum\u00e9 A campanha nacional de vacina\u00e7\u00e3o contra poliomielite e sarampo come\u00e7ou nesta segunda-feira (6) e vai&hellip; <\/p>\n","protected":false},"author":1,"featured_media":60388,"comment_status":"closed","ping_status":"closed","sticky":false,"template":"","format":"standard","meta":{"sfsi_plus_gutenberg_text_before_share":"","sfsi_plus_gutenberg_show_text_before_share":"","sfsi_plus_gutenberg_icon_type":"","sfsi_plus_gutenberg_icon_alignemt":"","sfsi_plus_gutenburg_max_per_row":"","footnotes":""},"categories":[16],"tags":[],"class_list":["post-60387","post","type-post","status-publish","format-standard","has-post-thumbnail","hentry","category-saude"],"_links":{"self":[{"href":"https:\/\/www.caririemacao.com\/1\/wp-json\/wp\/v2\/posts\/60387","targetHints":{"allow":["GET"]}}],"collection":[{"href":"https:\/\/www.caririemacao.com\/1\/wp-json\/wp\/v2\/posts"}],"about":[{"href":"https:\/\/www.caririemacao.com\/1\/wp-json\/wp\/v2\/types\/post"}],"author":[{"embeddable":true,"href":"https:\/\/www.caririemacao.com\/1\/wp-json\/wp\/v2\/users\/1"}],"replies":[{"embeddable":true,"href":"https:\/\/www.caririemacao.com\/1\/wp-json\/wp\/v2\/comments?post=60387"}],"version-history":[{"count":1,"href":"https:\/\/www.caririemacao.com\/1\/wp-json\/wp\/v2\/posts\/60387\/revisions"}],"predecessor-version":[{"id":60390,"href":"https:\/\/www.caririemacao.com\/1\/wp-json\/wp\/v2\/posts\/60387\/revisions\/60390"}],"wp:featuredmedia":[{"embeddable":true,"href":"https:\/\/www.caririemacao.com\/1\/wp-json\/wp\/v2\/media\/60388"}],"wp:attachment":[{"href":"https:\/\/www.caririemacao.com\/1\/wp-json\/wp\/v2\/media?parent=60387"}],"wp:term":[{"taxonomy":"category","embeddable":true,"href":"https:\/\/www.caririemacao.com\/1\/wp-json\/wp\/v2\/categories?post=60387"},{"taxonomy":"post_tag","embeddable":true,"href":"https:\/\/www.caririemacao.com\/1\/wp-json\/wp\/v2\/tags?post=60387"}],"curies":[{"name":"wp","href":"https:\/\/api.w.org\/{rel}","templated":true}]}}