{"id":60389,"date":"2018-08-07T08:44:12","date_gmt":"2018-08-07T11:44:12","guid":{"rendered":"http:\/\/caririemacao.com\/1\/?p=60389"},"modified":"2018-08-07T08:44:12","modified_gmt":"2018-08-07T11:44:12","slug":"operacao-prende-homem-suspeito-de-pedofilia","status":"publish","type":"post","link":"https:\/\/www.caririemacao.com\/1\/2018\/08\/07\/operacao-prende-homem-suspeito-de-pedofilia\/","title":{"rendered":"Opera\u00e7\u00e3o prende homem suspeito de pedofilia"},"content":{"rendered":"<p>Um homem acusado de pedofilia foi preso em flagrante na manh\u00e3 desta ter\u00e7a-feira (7), na cidade de Bayeux, regi\u00e3o metropolitana da Capital. A pris\u00e3o foi fruto de uma opera\u00e7\u00e3o integrada entre\u00a0 \u00a0as\u00a0 Pol\u00edcia Civil, PoMilitar e Minist\u00e9rio P\u00fablico que\u00a0 visa combater a pedofilia. Al\u00e9m da pris\u00e3o outros tr\u00eas mandados de busca e apreens\u00e3o foram cumpridos.<\/p>\n<p>De acordo com a pol\u00edcia, o suspeito estaria trocando mensagens com uma crian\u00e7a, tentando marcar encontro e at\u00e9 enviando imagens \u00edntimas para a v\u00edtima. M\u00eddias de teor pornogr\u00e1fico foram apreendidas na casa do suspeito para que as investiga\u00e7\u00f5es continuem. Uma lan house que o homem costumava utilizar para usar computadores tamb\u00e9m vai ser investigada.<\/p>\n<div class=\"google-auto-placed ap_container\"><ins class=\"adsbygoogle adsbygoogle-noablate\" data-ad-format=\"auto\" data-ad-client=\"ca-pub-1593055478228631\" data-adsbygoogle-status=\"done\"><ins id=\"aswift_2_expand\"><ins id=\"aswift_2_anchor\"><\/ins><\/ins><\/ins>Questionado, o suspeito alegou que o material pornogr\u00e1fico em sua casa n\u00e3o pertence a ele. O homem tamb\u00e9m negou envolvimento ou troca de mensagens com a crian\u00e7a. Segundo ele, outra pessoa estaria utilizando seu celular para mandar mensagens e fotos \u00edntimas para a v\u00edtima.<\/div>\n<p>O suspeito vai ser encaminhado para uma unidade policial.\u00a0A opera\u00e7\u00e3o est\u00e1 sendo orquestrada pela Delegacia de Combate ao Crime Organizado, a For\u00e7a T\u00e1tica e Gaeco. Segundo o delegado Allan Terruel, as investiga\u00e7\u00f5es j\u00e1 seguiam h\u00e1 mais de um m\u00eas e foram iniciadas ap\u00f3s a den\u00fancia de familiares de uma crian\u00e7a.<\/p>\n<p>&nbsp;<\/p>\n<p>Com MaisPB<\/p>\n<p>Cariri Em A\u00e7\u00e3o<\/p>\n<p>Leia mais not\u00edcias em\u00a0<a href=\"http:\/\/www.caririemacao.com\/\">caririemacao.com<\/a>, siga nossa p\u00e1gina no\u00a0<a href=\"https:\/\/www.facebook.com\/CaririEmAcao\/?ref=aymt_homepage_panel\">Facebook<\/a>,\u00a0<a href=\"https:\/\/www.instagram.com\/cariri_em_acao\/?hl=pt-br\">Instagram<\/a>\u00a0e\u00a0<a href=\"https:\/\/www.youtube.com\/channel\/UCAptA0jQuYQy8vMhLt2m4qg\">Youtube<\/a>\u00a0e veja nossas mat\u00e9rias, v\u00eddeos e fotos. Voc\u00ea tamb\u00e9m pode enviar informa\u00e7\u00f5es \u00e0 Reda\u00e7\u00e3o do Portal Cariri em A\u00e7\u00e3o pelo WhatsApp (83) 9 9634.5791, (83) 9 9601-1162.<\/p>\n","protected":false},"excerpt":{"rendered":"<p>Um homem acusado de pedofilia foi preso em flagrante na manh\u00e3 desta ter\u00e7a-feira (7), na cidade de Bayeux, regi\u00e3o metropolitana da Capital. A pris\u00e3o foi&hellip; <\/p>\n","protected":false},"author":1,"featured_media":42005,"comment_status":"closed","ping_status":"closed","sticky":false,"template":"","format":"standard","meta":{"sfsi_plus_gutenberg_text_before_share":"","sfsi_plus_gutenberg_show_text_before_share":"","sfsi_plus_gutenberg_icon_type":"","sfsi_plus_gutenberg_icon_alignemt":"","sfsi_plus_gutenburg_max_per_row":"","footnotes":""},"categories":[12],"tags":[],"class_list":["post-60389","post","type-post","status-publish","format-standard","has-post-thumbnail","hentry","category-policia"],"_links":{"self":[{"href":"https:\/\/www.caririemacao.com\/1\/wp-json\/wp\/v2\/posts\/60389","targetHints":{"allow":["GET"]}}],"collection":[{"href":"https:\/\/www.caririemacao.com\/1\/wp-json\/wp\/v2\/posts"}],"about":[{"href":"https:\/\/www.caririemacao.com\/1\/wp-json\/wp\/v2\/types\/post"}],"author":[{"embeddable":true,"href":"https:\/\/www.caririemacao.com\/1\/wp-json\/wp\/v2\/users\/1"}],"replies":[{"embeddable":true,"href":"https:\/\/www.caririemacao.com\/1\/wp-json\/wp\/v2\/comments?post=60389"}],"version-history":[{"count":1,"href":"https:\/\/www.caririemacao.com\/1\/wp-json\/wp\/v2\/posts\/60389\/revisions"}],"predecessor-version":[{"id":60393,"href":"https:\/\/www.caririemacao.com\/1\/wp-json\/wp\/v2\/posts\/60389\/revisions\/60393"}],"wp:featuredmedia":[{"embeddable":true,"href":"https:\/\/www.caririemacao.com\/1\/wp-json\/wp\/v2\/media\/42005"}],"wp:attachment":[{"href":"https:\/\/www.caririemacao.com\/1\/wp-json\/wp\/v2\/media?parent=60389"}],"wp:term":[{"taxonomy":"category","embeddable":true,"href":"https:\/\/www.caririemacao.com\/1\/wp-json\/wp\/v2\/categories?post=60389"},{"taxonomy":"post_tag","embeddable":true,"href":"https:\/\/www.caririemacao.com\/1\/wp-json\/wp\/v2\/tags?post=60389"}],"curies":[{"name":"wp","href":"https:\/\/api.w.org\/{rel}","templated":true}]}}