{"id":60650,"date":"2018-08-09T07:34:46","date_gmt":"2018-08-09T10:34:46","guid":{"rendered":"http:\/\/caririemacao.com\/1\/?p=60650"},"modified":"2018-08-09T07:36:29","modified_gmt":"2018-08-09T10:36:29","slug":"previsao-do-tempo-para-esta-quinta-feira-em-toda-paraiba","status":"publish","type":"post","link":"https:\/\/www.caririemacao.com\/1\/2018\/08\/09\/previsao-do-tempo-para-esta-quinta-feira-em-toda-paraiba\/","title":{"rendered":"Previs\u00e3o do tempo para esta quinta-feira em toda Para\u00edba"},"content":{"rendered":"<p><img decoding=\"async\" class=\"aligncenter size-full wp-image-410298 lazyload\" data-src=\"https:\/\/paraibaonline.com.br\/wp-content\/uploads\/2018\/06\/clima-tempo.jpg\" data-srcset=\"https:\/\/paraibaonline.com.br\/wp-content\/uploads\/2018\/06\/clima-tempo.jpg 800w, https:\/\/paraibaonline.com.br\/wp-content\/uploads\/2018\/06\/clima-tempo-567x378.jpg 567w\" alt=\"\" src=\"data:image\/svg+xml;base64,PHN2ZyB3aWR0aD0iMSIgaGVpZ2h0PSIxIiB4bWxucz0iaHR0cDovL3d3dy53My5vcmcvMjAwMC9zdmciPjwvc3ZnPg==\" \/><\/p>\n<p>Persistem as condi\u00e7\u00f5es de redu\u00e7\u00e3o nebulosidade em praticamente todo estado da Para\u00edba. No entanto, ainda observa-se o deslocamento de nuvens do tipo \u201cbaixa\u201d vindas do oceano Atl\u00e2ntico em dire\u00e7\u00e3o \u00e0 costa leste do Nordeste. No decorrer do dia, o tempo deve permanecer est\u00e1vel podendo ocorrer chuvas passageiras e pontuais na faixa litor\u00e2nea. Nas demais \u00e1reas do Estado, o sol aparece entre poucas nuvens.<\/p>\n<p>&nbsp;<\/p>\n<p><strong>Para\u00edba Online\/Foto: Reprodu\u00e7\u00e3o\u00a0<\/strong><\/p>\n<p>Cariri Em A\u00e7\u00e3o<\/p>\n<p>Leia mais not\u00edcias em\u00a0<a href=\"http:\/\/www.caririemacao.com\/\">caririemacao.com<\/a>, siga nossa p\u00e1gina no\u00a0<a href=\"https:\/\/www.facebook.com\/CaririEmAcao\/?ref=aymt_homepage_panel\">Facebook<\/a>,\u00a0<a href=\"https:\/\/www.instagram.com\/cariri_em_acao\/?hl=pt-br\">Instagram<\/a>\u00a0e\u00a0<a href=\"https:\/\/www.youtube.com\/channel\/UCAptA0jQuYQy8vMhLt2m4qg\">Youtube<\/a>\u00a0e veja nossas mat\u00e9rias, v\u00eddeos e fotos. Voc\u00ea tamb\u00e9m pode enviar informa\u00e7\u00f5es \u00e0 Reda\u00e7\u00e3o do Portal Cariri em A\u00e7\u00e3o pelo WhatsApp (83) 9 9634.5791, (83) 9 9601-1162.<\/p>\n","protected":false},"excerpt":{"rendered":"<p>Persistem as condi\u00e7\u00f5es de redu\u00e7\u00e3o nebulosidade em praticamente todo estado da Para\u00edba. No entanto, ainda observa-se o deslocamento de nuvens do tipo \u201cbaixa\u201d vindas do&hellip; <\/p>\n","protected":false},"author":1,"featured_media":60651,"comment_status":"closed","ping_status":"closed","sticky":false,"template":"","format":"standard","meta":{"sfsi_plus_gutenberg_text_before_share":"","sfsi_plus_gutenberg_show_text_before_share":"","sfsi_plus_gutenberg_icon_type":"","sfsi_plus_gutenberg_icon_alignemt":"","sfsi_plus_gutenburg_max_per_row":"","footnotes":""},"categories":[6],"tags":[],"class_list":["post-60650","post","type-post","status-publish","format-standard","has-post-thumbnail","hentry","category-cidades"],"_links":{"self":[{"href":"https:\/\/www.caririemacao.com\/1\/wp-json\/wp\/v2\/posts\/60650","targetHints":{"allow":["GET"]}}],"collection":[{"href":"https:\/\/www.caririemacao.com\/1\/wp-json\/wp\/v2\/posts"}],"about":[{"href":"https:\/\/www.caririemacao.com\/1\/wp-json\/wp\/v2\/types\/post"}],"author":[{"embeddable":true,"href":"https:\/\/www.caririemacao.com\/1\/wp-json\/wp\/v2\/users\/1"}],"replies":[{"embeddable":true,"href":"https:\/\/www.caririemacao.com\/1\/wp-json\/wp\/v2\/comments?post=60650"}],"version-history":[{"count":2,"href":"https:\/\/www.caririemacao.com\/1\/wp-json\/wp\/v2\/posts\/60650\/revisions"}],"predecessor-version":[{"id":60653,"href":"https:\/\/www.caririemacao.com\/1\/wp-json\/wp\/v2\/posts\/60650\/revisions\/60653"}],"wp:featuredmedia":[{"embeddable":true,"href":"https:\/\/www.caririemacao.com\/1\/wp-json\/wp\/v2\/media\/60651"}],"wp:attachment":[{"href":"https:\/\/www.caririemacao.com\/1\/wp-json\/wp\/v2\/media?parent=60650"}],"wp:term":[{"taxonomy":"category","embeddable":true,"href":"https:\/\/www.caririemacao.com\/1\/wp-json\/wp\/v2\/categories?post=60650"},{"taxonomy":"post_tag","embeddable":true,"href":"https:\/\/www.caririemacao.com\/1\/wp-json\/wp\/v2\/tags?post=60650"}],"curies":[{"name":"wp","href":"https:\/\/api.w.org\/{rel}","templated":true}]}}