{"id":60656,"date":"2018-08-09T09:52:04","date_gmt":"2018-08-09T12:52:04","guid":{"rendered":"http:\/\/caririemacao.com\/1\/?p=60656"},"modified":"2018-08-09T09:52:04","modified_gmt":"2018-08-09T12:52:04","slug":"senado-decide-so-votar-materias-polemicas-apos-as-eleicoes","status":"publish","type":"post","link":"https:\/\/www.caririemacao.com\/1\/2018\/08\/09\/senado-decide-so-votar-materias-polemicas-apos-as-eleicoes\/","title":{"rendered":"Senado decide s\u00f3 votar mat\u00e9rias pol\u00eamicas ap\u00f3s as elei\u00e7\u00f5es"},"content":{"rendered":"<p>O vice-presidente do Senado, senador C\u00e1ssio Cunha Lima, declarou que dois projetos que estavam na lista de prioridades do Planalto, o da cess\u00e3o onerosa e o das distribuidoras da Eletrobras,\u00a0 s\u00f3 ser\u00e3o votados depois das elei\u00e7\u00f5es.<\/p>\n<div id=\"attachment_472884\" class=\"wp-caption aligncenter\"><img decoding=\"async\" class=\"wp-image-472884 size-full lazyload\" data-src=\"https:\/\/paraibaonline.com.br\/wp-content\/uploads\/2018\/07\/cassio.jpeg\" data-srcset=\"https:\/\/paraibaonline.com.br\/wp-content\/uploads\/2018\/07\/cassio.jpeg 800w, https:\/\/paraibaonline.com.br\/wp-content\/uploads\/2018\/07\/cassio-567x376.jpeg 567w\" alt=\"Foto: Pedro Fran\u00e7a\/Ag\u00eancia Senado\" src=\"data:image\/svg+xml;base64,PHN2ZyB3aWR0aD0iMSIgaGVpZ2h0PSIxIiB4bWxucz0iaHR0cDovL3d3dy53My5vcmcvMjAwMC9zdmciPjwvc3ZnPg==\" \/><\/p>\n<p class=\"wp-caption-text\">Foto: Pedro Fran\u00e7a\/ Ag\u00eancia Senado<\/p>\n<\/div>\n<p>A declara\u00e7\u00e3o de C\u00e1ssio praticamente enterra os planos de organizar um megaleil\u00e3o do pr\u00e9-sal ainda neste ano e de vender no fim de agosto mais quatro distribuidoras de energia controladas pela estatal.<\/p>\n<p>Os dois projetos de lei j\u00e1 foram aprovados na C\u00e2mara dos Deputados. Por causa das elei\u00e7\u00f5es, o Senado est\u00e1 em regime de esfor\u00e7o concentrado. Re\u00fane-se esta semana e s\u00f3 deve voltar a se encontrar na \u00faltima semana de agosto e em uma semana do m\u00eas de setembro. A vota\u00e7\u00e3o dessas duas mat\u00e9rias diretamente em plen\u00e1rio dependeria da aprova\u00e7\u00e3o de requerimento de urg\u00eancia, o que n\u00e3o aconteceu.<\/p>\n<p>\u201cNada que tenha qualquer pol\u00eamica, e esses dois temas s\u00e3o pol\u00eamicos, ser\u00e1 submetido a vota\u00e7\u00e3o. Recomenda o bom senso que possamos esperar a vontade soberana do povo. A\u00ed, sim, teremos a pauta desse novo governo\u201d, apontou o vice-presidente do Senado, C\u00e1ssio Cunha Lima (PSDB-PB), logo ap\u00f3s deixar a reuni\u00e3o de l\u00edderes nesta ter\u00e7a-feira (07\/08).<\/p>\n<p>&nbsp;<\/p>\n<p>Cariri Em A\u00e7\u00e3o<\/p>\n<p>Leia mais not\u00edcias em\u00a0<a href=\"http:\/\/www.caririemacao.com\/\">caririemacao.com<\/a>, siga nossa p\u00e1gina no\u00a0<a href=\"https:\/\/www.facebook.com\/CaririEmAcao\/?ref=aymt_homepage_panel\">Facebook<\/a>,\u00a0<a href=\"https:\/\/www.instagram.com\/cariri_em_acao\/?hl=pt-br\">Instagram<\/a>\u00a0e\u00a0<a href=\"https:\/\/www.youtube.com\/channel\/UCAptA0jQuYQy8vMhLt2m4qg\">Youtube<\/a>\u00a0e veja nossas mat\u00e9rias, v\u00eddeos e fotos. Voc\u00ea tamb\u00e9m pode enviar informa\u00e7\u00f5es \u00e0 Reda\u00e7\u00e3o do Portal Cariri em A\u00e7\u00e3o pelo WhatsApp (83) 9 9634.5791, (83) 9 9601-1162.<\/p>\n","protected":false},"excerpt":{"rendered":"<p>O vice-presidente do Senado, senador C\u00e1ssio Cunha Lima, declarou que dois projetos que estavam na lista de prioridades do Planalto, o da cess\u00e3o onerosa e&hellip; <\/p>\n","protected":false},"author":1,"featured_media":56979,"comment_status":"closed","ping_status":"closed","sticky":false,"template":"","format":"standard","meta":{"sfsi_plus_gutenberg_text_before_share":"","sfsi_plus_gutenberg_show_text_before_share":"","sfsi_plus_gutenberg_icon_type":"","sfsi_plus_gutenberg_icon_alignemt":"","sfsi_plus_gutenburg_max_per_row":"","footnotes":""},"categories":[11],"tags":[],"class_list":["post-60656","post","type-post","status-publish","format-standard","has-post-thumbnail","hentry","category-politica"],"_links":{"self":[{"href":"https:\/\/www.caririemacao.com\/1\/wp-json\/wp\/v2\/posts\/60656","targetHints":{"allow":["GET"]}}],"collection":[{"href":"https:\/\/www.caririemacao.com\/1\/wp-json\/wp\/v2\/posts"}],"about":[{"href":"https:\/\/www.caririemacao.com\/1\/wp-json\/wp\/v2\/types\/post"}],"author":[{"embeddable":true,"href":"https:\/\/www.caririemacao.com\/1\/wp-json\/wp\/v2\/users\/1"}],"replies":[{"embeddable":true,"href":"https:\/\/www.caririemacao.com\/1\/wp-json\/wp\/v2\/comments?post=60656"}],"version-history":[{"count":2,"href":"https:\/\/www.caririemacao.com\/1\/wp-json\/wp\/v2\/posts\/60656\/revisions"}],"predecessor-version":[{"id":60661,"href":"https:\/\/www.caririemacao.com\/1\/wp-json\/wp\/v2\/posts\/60656\/revisions\/60661"}],"wp:featuredmedia":[{"embeddable":true,"href":"https:\/\/www.caririemacao.com\/1\/wp-json\/wp\/v2\/media\/56979"}],"wp:attachment":[{"href":"https:\/\/www.caririemacao.com\/1\/wp-json\/wp\/v2\/media?parent=60656"}],"wp:term":[{"taxonomy":"category","embeddable":true,"href":"https:\/\/www.caririemacao.com\/1\/wp-json\/wp\/v2\/categories?post=60656"},{"taxonomy":"post_tag","embeddable":true,"href":"https:\/\/www.caririemacao.com\/1\/wp-json\/wp\/v2\/tags?post=60656"}],"curies":[{"name":"wp","href":"https:\/\/api.w.org\/{rel}","templated":true}]}}