{"id":60662,"date":"2018-08-09T10:01:21","date_gmt":"2018-08-09T13:01:21","guid":{"rendered":"http:\/\/caririemacao.com\/1\/?p=60662"},"modified":"2018-08-09T10:01:21","modified_gmt":"2018-08-09T13:01:21","slug":"prefeitura-de-sao-jose-dos-cordeiros-levara-servicos-itinerantes-para-a-populacao-da-zona-rural","status":"publish","type":"post","link":"https:\/\/www.caririemacao.com\/1\/2018\/08\/09\/prefeitura-de-sao-jose-dos-cordeiros-levara-servicos-itinerantes-para-a-populacao-da-zona-rural\/","title":{"rendered":"Prefeitura de S\u00e3o Jos\u00e9 dos Cordeiros levar\u00e1 servi\u00e7os itinerantes para a popula\u00e7\u00e3o da zona rural"},"content":{"rendered":"<p>A popula\u00e7\u00e3o do munic\u00edpio de S\u00e3o Jos\u00e9 dos Cordeiros agora conta com servi\u00e7os p\u00fablicos de qualidade bem mais pr\u00f3ximos de sua casa. Por iniciativa das secretarias de Agricultura, Sa\u00fade e Assist\u00eancia Social, alguns dos principais servi\u00e7os ofertados ao homem do campo por estas pastas agora ser\u00e3o levados uma vez por m\u00eas para o posto de sa\u00fade da comunidade do Cardoso.<\/p>\n<p>Segundo o prefeito Jefferson Roberto, a comunidade do Cardoso polariza uma s\u00e9rie de outras localidades, que ficam muito distantes da sede do munic\u00edpio. \u201cEstamos buscando promover a\u00e7\u00f5es que melhorem a vida dos cordeirenses, especialmente \u00e0queles que historicamente tiveram mais dificuldade de acesso aos servi\u00e7os da Prefeitura. Com esta a\u00e7\u00e3o, vamos aproximar os servi\u00e7os p\u00fablicos do cidad\u00e3o e de modo especial das popula\u00e7\u00f5es da zona rural, que pela dist\u00e2ncia acabam tendo menos acesso aos benef\u00edcios ofertados por nossas secretarias\u201d, destacou o gestor.<\/p>\n<p><img fetchpriority=\"high\" decoding=\"async\" class=\"aligncenter  wp-image-55466\" src=\"http:\/\/deolhonocariri.com.br\/wp-content\/uploads\/2018\/08\/38754048_436936960125138_2502604188416999424_n-600x450.jpg\" sizes=\"(max-width: 527px) 100vw, 527px\" srcset=\"http:\/\/deolhonocariri.com.br\/wp-content\/uploads\/2018\/08\/38754048_436936960125138_2502604188416999424_n-600x450.jpg 600w, http:\/\/deolhonocariri.com.br\/wp-content\/uploads\/2018\/08\/38754048_436936960125138_2502604188416999424_n-400x300.jpg 400w, http:\/\/deolhonocariri.com.br\/wp-content\/uploads\/2018\/08\/38754048_436936960125138_2502604188416999424_n-768x576.jpg 768w, http:\/\/deolhonocariri.com.br\/wp-content\/uploads\/2018\/08\/38754048_436936960125138_2502604188416999424_n.jpg 960w\" alt=\"\" width=\"527\" height=\"395\" \/><\/p>\n<p>A primeira experi\u00eancia de servi\u00e7os itinerantes ocorreu nesta quarta-feira (08) e contou com boa participa\u00e7\u00e3o popular. A Prefeitura de S\u00e3o Jos\u00e9 dos Cordeiros disponibilizou atrav\u00e9s de sua equipe servi\u00e7os como: emiss\u00e3o de DAP, Ficha Sanit\u00e1ria, GTA, Cadastros da Conab, Cadastro \u00danico e v\u00e1rias outras atividades.<\/p>\n<p>\u201cTemos certeza de que esta a\u00e7\u00e3o ser\u00e1 um divisor de \u00e1guas na nossa popula\u00e7\u00e3o rural, pois acreditamos que o acesso ao servi\u00e7o p\u00fablico, bem como a informa\u00e7\u00e3o \u00e9 necess\u00e1ria para o desenvolvimento do homem e da mulher do campo\u201d, pontuou o secret\u00e1rio de agricultura Daivyson Romeryto.<\/p>\n<p>&nbsp;<\/p>\n<p><strong>Para\u00edba Mix\/Foto: Reprodu\u00e7\u00e3o\u00a0<\/strong><\/p>\n<p>Cariri Em A\u00e7\u00e3o<\/p>\n<p>Leia mais not\u00edcias em\u00a0<a href=\"http:\/\/www.caririemacao.com\/\">caririemacao.com<\/a>, siga nossa p\u00e1gina no\u00a0<a href=\"https:\/\/www.facebook.com\/CaririEmAcao\/?ref=aymt_homepage_panel\">Facebook<\/a>,\u00a0<a href=\"https:\/\/www.instagram.com\/cariri_em_acao\/?hl=pt-br\">Instagram<\/a>\u00a0e\u00a0<a href=\"https:\/\/www.youtube.com\/channel\/UCAptA0jQuYQy8vMhLt2m4qg\">Youtube<\/a>\u00a0e veja nossas mat\u00e9rias, v\u00eddeos e fotos. Voc\u00ea tamb\u00e9m pode enviar informa\u00e7\u00f5es \u00e0 Reda\u00e7\u00e3o do Portal Cariri em A\u00e7\u00e3o pelo WhatsApp (83) 9 9634.5791, (83) 9 9601-1162.<\/p>\n<p>&nbsp;<\/p>\n","protected":false},"excerpt":{"rendered":"<p>A popula\u00e7\u00e3o do munic\u00edpio de S\u00e3o Jos\u00e9 dos Cordeiros agora conta com servi\u00e7os p\u00fablicos de qualidade bem mais pr\u00f3ximos de sua casa. Por iniciativa das&hellip; <\/p>\n","protected":false},"author":1,"featured_media":26333,"comment_status":"closed","ping_status":"closed","sticky":false,"template":"","format":"standard","meta":{"sfsi_plus_gutenberg_text_before_share":"","sfsi_plus_gutenberg_show_text_before_share":"","sfsi_plus_gutenberg_icon_type":"","sfsi_plus_gutenberg_icon_alignemt":"","sfsi_plus_gutenburg_max_per_row":"","footnotes":""},"categories":[11],"tags":[],"class_list":["post-60662","post","type-post","status-publish","format-standard","has-post-thumbnail","hentry","category-politica"],"_links":{"self":[{"href":"https:\/\/www.caririemacao.com\/1\/wp-json\/wp\/v2\/posts\/60662","targetHints":{"allow":["GET"]}}],"collection":[{"href":"https:\/\/www.caririemacao.com\/1\/wp-json\/wp\/v2\/posts"}],"about":[{"href":"https:\/\/www.caririemacao.com\/1\/wp-json\/wp\/v2\/types\/post"}],"author":[{"embeddable":true,"href":"https:\/\/www.caririemacao.com\/1\/wp-json\/wp\/v2\/users\/1"}],"replies":[{"embeddable":true,"href":"https:\/\/www.caririemacao.com\/1\/wp-json\/wp\/v2\/comments?post=60662"}],"version-history":[{"count":1,"href":"https:\/\/www.caririemacao.com\/1\/wp-json\/wp\/v2\/posts\/60662\/revisions"}],"predecessor-version":[{"id":60663,"href":"https:\/\/www.caririemacao.com\/1\/wp-json\/wp\/v2\/posts\/60662\/revisions\/60663"}],"wp:featuredmedia":[{"embeddable":true,"href":"https:\/\/www.caririemacao.com\/1\/wp-json\/wp\/v2\/media\/26333"}],"wp:attachment":[{"href":"https:\/\/www.caririemacao.com\/1\/wp-json\/wp\/v2\/media?parent=60662"}],"wp:term":[{"taxonomy":"category","embeddable":true,"href":"https:\/\/www.caririemacao.com\/1\/wp-json\/wp\/v2\/categories?post=60662"},{"taxonomy":"post_tag","embeddable":true,"href":"https:\/\/www.caririemacao.com\/1\/wp-json\/wp\/v2\/tags?post=60662"}],"curies":[{"name":"wp","href":"https:\/\/api.w.org\/{rel}","templated":true}]}}