{"id":60664,"date":"2018-08-09T10:06:42","date_gmt":"2018-08-09T13:06:42","guid":{"rendered":"http:\/\/caririemacao.com\/1\/?p=60664"},"modified":"2018-08-09T10:06:42","modified_gmt":"2018-08-09T13:06:42","slug":"carga-de-maconha-e-apreendida-em-onibus-que-veio-do-rio-para-joao-pessoa","status":"publish","type":"post","link":"https:\/\/www.caririemacao.com\/1\/2018\/08\/09\/carga-de-maconha-e-apreendida-em-onibus-que-veio-do-rio-para-joao-pessoa\/","title":{"rendered":"Carga de maconha \u00e9 apreendida em \u00f4nibus que veio do Rio para Jo\u00e3o Pessoa"},"content":{"rendered":"<p>Mais de 50 kg de maconha que estavam sendo trazidos do estado do Rio de Janeiro para a cidade de Jo\u00e3o Pessoa foram apreendidos pela Pol\u00edcia Militar, na noite dessa quarta-feira (8), quando a PM realizava abordagens a \u00f4nibus na cidade de Barra de Santana.<\/p>\n<div id=\"attachment_485301\" class=\"wp-caption aligncenter\"><img decoding=\"async\" class=\"wp-image-485301 size-full lazyload\" data-src=\"https:\/\/paraibaonline.com.br\/wp-content\/uploads\/2018\/08\/maconha0908.jpg\" data-srcset=\"https:\/\/paraibaonline.com.br\/wp-content\/uploads\/2018\/08\/maconha0908.jpg 879w, https:\/\/paraibaonline.com.br\/wp-content\/uploads\/2018\/08\/maconha0908-567x372.jpg 567w\" alt=\"Foto: Secom\/PB\" src=\"data:image\/svg+xml;base64,PHN2ZyB3aWR0aD0iMSIgaGVpZ2h0PSIxIiB4bWxucz0iaHR0cDovL3d3dy53My5vcmcvMjAwMC9zdmciPjwvc3ZnPg==\" \/><\/p>\n<p class=\"wp-caption-text\">Foto: Secom\/PB<\/p>\n<\/div>\n<p>A droga, distribu\u00edda em 67 tabletes, estava na bagagem de uma mulher de 23 anos, que \u00e9 do bairro de Mandacaru, na capital paraibana.<\/p>\n<p>Ainda na revista ao coletivo, foi encontrado um adolescente de 17 anos com mandado de busca e apreens\u00e3o.<\/p>\n<p>A partir da apreens\u00e3o das drogas, realizada durante a\u00e7\u00e3o conjunta da 2\u00aa Companhia do 4\u00ba Batalh\u00e3o e da 3\u00aa Companhia Independente para refor\u00e7ar a seguran\u00e7a na regi\u00e3o, os policiais descobriram que a mulher que fazia o transporte iria parar em Campina Grande, onde um carro j\u00e1 estava \u00e0 sua espera para fazer o trajeto at\u00e9 Jo\u00e3o Pessoa.<\/p>\n<p>Os policiais foram at\u00e9 Campina Grande, abordaram o ve\u00edculo e prenderam o suspeito, que tem 24 anos e \u00e9 do bairro de Mangabeira, tamb\u00e9m em Jo\u00e3o Pessoa.<\/p>\n<p>Os tr\u00eas detidos na a\u00e7\u00e3o da Pol\u00edcia Militar, a droga apreendida e o carro que seria usado no tr\u00e1fico de drogas foram levados para a Delegacia de Pol\u00edcia Civil, em Queimadas.<\/p>\n<p>&nbsp;<\/p>\n<p><strong>Para\u00edba Online\/Foto: Reprodu\u00e7\u00e3o\u00a0<\/strong><\/p>\n<p>Cariri Em A\u00e7\u00e3o<\/p>\n<p>Leia mais not\u00edcias em\u00a0<a href=\"http:\/\/www.caririemacao.com\/\">caririemacao.com<\/a>, siga nossa p\u00e1gina no\u00a0<a href=\"https:\/\/www.facebook.com\/CaririEmAcao\/?ref=aymt_homepage_panel\">Facebook<\/a>,\u00a0<a href=\"https:\/\/www.instagram.com\/cariri_em_acao\/?hl=pt-br\">Instagram<\/a>\u00a0e\u00a0<a href=\"https:\/\/www.youtube.com\/channel\/UCAptA0jQuYQy8vMhLt2m4qg\">Youtube<\/a>\u00a0e veja nossas mat\u00e9rias, v\u00eddeos e fotos. Voc\u00ea tamb\u00e9m pode enviar informa\u00e7\u00f5es \u00e0 Reda\u00e7\u00e3o do Portal Cariri em A\u00e7\u00e3o pelo WhatsApp (83) 9 9634.5791, (83) 9 9601-1162.<\/p>\n<p>&nbsp;<\/p>\n","protected":false},"excerpt":{"rendered":"<p>Mais de 50 kg de maconha que estavam sendo trazidos do estado do Rio de Janeiro para a cidade de Jo\u00e3o Pessoa foram apreendidos pela&hellip; <\/p>\n","protected":false},"author":1,"featured_media":51585,"comment_status":"closed","ping_status":"closed","sticky":false,"template":"","format":"standard","meta":{"sfsi_plus_gutenberg_text_before_share":"","sfsi_plus_gutenberg_show_text_before_share":"","sfsi_plus_gutenberg_icon_type":"","sfsi_plus_gutenberg_icon_alignemt":"","sfsi_plus_gutenburg_max_per_row":"","footnotes":""},"categories":[12],"tags":[],"class_list":["post-60664","post","type-post","status-publish","format-standard","has-post-thumbnail","hentry","category-policia"],"_links":{"self":[{"href":"https:\/\/www.caririemacao.com\/1\/wp-json\/wp\/v2\/posts\/60664","targetHints":{"allow":["GET"]}}],"collection":[{"href":"https:\/\/www.caririemacao.com\/1\/wp-json\/wp\/v2\/posts"}],"about":[{"href":"https:\/\/www.caririemacao.com\/1\/wp-json\/wp\/v2\/types\/post"}],"author":[{"embeddable":true,"href":"https:\/\/www.caririemacao.com\/1\/wp-json\/wp\/v2\/users\/1"}],"replies":[{"embeddable":true,"href":"https:\/\/www.caririemacao.com\/1\/wp-json\/wp\/v2\/comments?post=60664"}],"version-history":[{"count":1,"href":"https:\/\/www.caririemacao.com\/1\/wp-json\/wp\/v2\/posts\/60664\/revisions"}],"predecessor-version":[{"id":60665,"href":"https:\/\/www.caririemacao.com\/1\/wp-json\/wp\/v2\/posts\/60664\/revisions\/60665"}],"wp:featuredmedia":[{"embeddable":true,"href":"https:\/\/www.caririemacao.com\/1\/wp-json\/wp\/v2\/media\/51585"}],"wp:attachment":[{"href":"https:\/\/www.caririemacao.com\/1\/wp-json\/wp\/v2\/media?parent=60664"}],"wp:term":[{"taxonomy":"category","embeddable":true,"href":"https:\/\/www.caririemacao.com\/1\/wp-json\/wp\/v2\/categories?post=60664"},{"taxonomy":"post_tag","embeddable":true,"href":"https:\/\/www.caririemacao.com\/1\/wp-json\/wp\/v2\/tags?post=60664"}],"curies":[{"name":"wp","href":"https:\/\/api.w.org\/{rel}","templated":true}]}}