{"id":60666,"date":"2018-08-09T10:18:38","date_gmt":"2018-08-09T13:18:38","guid":{"rendered":"http:\/\/caririemacao.com\/1\/?p=60666"},"modified":"2018-08-09T10:18:38","modified_gmt":"2018-08-09T13:18:38","slug":"tem-que-ter-planejamento-e-principalmente-carinho-pela-populacao-diz-lucelio-em-plenaria-na-capital","status":"publish","type":"post","link":"https:\/\/www.caririemacao.com\/1\/2018\/08\/09\/tem-que-ter-planejamento-e-principalmente-carinho-pela-populacao-diz-lucelio-em-plenaria-na-capital\/","title":{"rendered":"\u201cTem que ter planejamento e, principalmente, carinho pela popula\u00e7\u00e3o\u201d, diz Luc\u00e9lio em plen\u00e1ria na Capital"},"content":{"rendered":"<p>Luc\u00e9lio Cartaxo, pr\u00e9-candidato ao Governo do Estado pelo PV, esteve reunido com centenas de moradores da Zona Sul de Jo\u00e3o Pessoa, em mais uma plen\u00e1ria \u201c43 Mobiliza\u201d, que na noite desta quarta-feira (08) aconteceu no bairro dos Banc\u00e1rios. Acompanhado da pr\u00e9-candidata ao Senado Federal, Daniella Ribeiro (PP), e pelo prefeito de Jo\u00e3o Pessoa, Luciano Cartaxo (PV), Luc\u00e9lio disse que \u201cgest\u00e3o precisa ter planejamento e, principalmente, carinho pela popula\u00e7\u00e3o\u201d.<\/p>\n<p>\u201cEsta \u00e9 a forma de governar que defendemos. Quando Luciano Cartaxo assumiu a prefeitura, Jo\u00e3o Pessoa s\u00f3 tinha uma UPA. Hoje j\u00e1 estamos chegando na quarta. Ningu\u00e9m precisa mais cruzar a cidade em busca de atendimento. \u00c9 isto que queremos levar ao restante do Estado: que a popula\u00e7\u00e3o do Sert\u00e3o n\u00e3o precise andar o estado todo para ter acesso \u00e0 sa\u00fade, porque poder\u00e1 contar na sua regi\u00e3o com tratamento de qualidade\u201d, disse.<\/p>\n<div class=\"google-auto-placed ap_container\"><ins class=\"adsbygoogle adsbygoogle-noablate\" data-ad-format=\"auto\" data-ad-client=\"ca-pub-1593055478228631\" data-adsbygoogle-status=\"done\"><ins id=\"aswift_1_expand\"><ins id=\"aswift_1_anchor\"><\/ins><\/ins><\/ins>Cartaxo explicou que promover pol\u00edticas p\u00fablicas com afeto e respeito \u00e0s pessoas \u00e9 fundamental para que as cidades cres\u00e7am com qualidade de vida. \u201cIremos aproximar a gest\u00e3o p\u00fablica dos paraibanos e paraibanas, para que a popula\u00e7\u00e3o dos 223 munic\u00edpios sintam que o governo est\u00e1 ao seu lado, promovendo sa\u00fade, educa\u00e7\u00e3o, infraestrutura e lazer. N\u00e3o d\u00e1 mais para governar com ran\u00e7o e distanciamento. N\u00f3s queremos uma gest\u00e3o que toca as pessoas e planeja a\u00e7\u00f5es baseadas naquilo que escuta das suas demandas\u201d, disse.<\/div>\n<p>Estiveram presentes na \u201c43 Mobiliza\u201d dos Banc\u00e1rios ainda o pr\u00e9-candidato a deputado federal, Manoel Junior, o pr\u00e9-candidato a deputado federal, Ruy Carneiro, e a pr\u00e9-candidata a deputada estadual, Camila Toscano, entre outras lideran\u00e7as pol\u00edticas.<\/p>\n<p>&nbsp;<\/p>\n<p><strong>Para\u00edba Online\/Foto: Reprodu\u00e7\u00e3o\u00a0<\/strong><\/p>\n<p>Cariri Em A\u00e7\u00e3o<\/p>\n<p>Leia mais not\u00edcias em\u00a0<a href=\"http:\/\/www.caririemacao.com\/\">caririemacao.com<\/a>, siga nossa p\u00e1gina no\u00a0<a href=\"https:\/\/www.facebook.com\/CaririEmAcao\/?ref=aymt_homepage_panel\">Facebook<\/a>,\u00a0<a href=\"https:\/\/www.instagram.com\/cariri_em_acao\/?hl=pt-br\">Instagram<\/a>\u00a0e\u00a0<a href=\"https:\/\/www.youtube.com\/channel\/UCAptA0jQuYQy8vMhLt2m4qg\">Youtube<\/a>\u00a0e veja nossas mat\u00e9rias, v\u00eddeos e fotos. Voc\u00ea tamb\u00e9m pode enviar informa\u00e7\u00f5es \u00e0 Reda\u00e7\u00e3o do Portal Cariri em A\u00e7\u00e3o pelo WhatsApp (83) 9 9634.5791, (83) 9 9601-1162.<\/p>\n","protected":false},"excerpt":{"rendered":"<p>Luc\u00e9lio Cartaxo, pr\u00e9-candidato ao Governo do Estado pelo PV, esteve reunido com centenas de moradores da Zona Sul de Jo\u00e3o Pessoa, em mais uma plen\u00e1ria&hellip; <\/p>\n","protected":false},"author":1,"featured_media":60667,"comment_status":"closed","ping_status":"closed","sticky":false,"template":"","format":"standard","meta":{"sfsi_plus_gutenberg_text_before_share":"","sfsi_plus_gutenberg_show_text_before_share":"","sfsi_plus_gutenberg_icon_type":"","sfsi_plus_gutenberg_icon_alignemt":"","sfsi_plus_gutenburg_max_per_row":"","footnotes":""},"categories":[1],"tags":[],"class_list":["post-60666","post","type-post","status-publish","format-standard","has-post-thumbnail","hentry","category-o-site"],"_links":{"self":[{"href":"https:\/\/www.caririemacao.com\/1\/wp-json\/wp\/v2\/posts\/60666","targetHints":{"allow":["GET"]}}],"collection":[{"href":"https:\/\/www.caririemacao.com\/1\/wp-json\/wp\/v2\/posts"}],"about":[{"href":"https:\/\/www.caririemacao.com\/1\/wp-json\/wp\/v2\/types\/post"}],"author":[{"embeddable":true,"href":"https:\/\/www.caririemacao.com\/1\/wp-json\/wp\/v2\/users\/1"}],"replies":[{"embeddable":true,"href":"https:\/\/www.caririemacao.com\/1\/wp-json\/wp\/v2\/comments?post=60666"}],"version-history":[{"count":1,"href":"https:\/\/www.caririemacao.com\/1\/wp-json\/wp\/v2\/posts\/60666\/revisions"}],"predecessor-version":[{"id":60668,"href":"https:\/\/www.caririemacao.com\/1\/wp-json\/wp\/v2\/posts\/60666\/revisions\/60668"}],"wp:featuredmedia":[{"embeddable":true,"href":"https:\/\/www.caririemacao.com\/1\/wp-json\/wp\/v2\/media\/60667"}],"wp:attachment":[{"href":"https:\/\/www.caririemacao.com\/1\/wp-json\/wp\/v2\/media?parent=60666"}],"wp:term":[{"taxonomy":"category","embeddable":true,"href":"https:\/\/www.caririemacao.com\/1\/wp-json\/wp\/v2\/categories?post=60666"},{"taxonomy":"post_tag","embeddable":true,"href":"https:\/\/www.caririemacao.com\/1\/wp-json\/wp\/v2\/tags?post=60666"}],"curies":[{"name":"wp","href":"https:\/\/api.w.org\/{rel}","templated":true}]}}