{"id":60674,"date":"2018-08-09T10:50:28","date_gmt":"2018-08-09T13:50:28","guid":{"rendered":"http:\/\/caririemacao.com\/1\/?p=60674"},"modified":"2018-08-09T10:50:28","modified_gmt":"2018-08-09T13:50:28","slug":"governo-participa-da-elaboracao-de-novo-projeto-junto-ao-fida","status":"publish","type":"post","link":"https:\/\/www.caririemacao.com\/1\/2018\/08\/09\/governo-participa-da-elaboracao-de-novo-projeto-junto-ao-fida\/","title":{"rendered":"Governo participa da elabora\u00e7\u00e3o de novo projeto junto ao Fida"},"content":{"rendered":"<p>O Governo do Estado da Para\u00edba est\u00e1 participando da elabora\u00e7\u00e3o de um novo projeto junto ao Fundo Internacional de Desenvolvimento Agr\u00edcola (Fida) que busca acessar recursos do Fundo Verde do Clima (GCF) a fim de conciliar duas importantes pol\u00edticas: a ambiental e a produtiva, beneficiando os pequenos agricultores. A equipe do Projeto de Desenvolvimento Sustent\u00e1vel do Cariri, Serid\u00f3 e Curimata\u00fa (Procase), sobretudo a Ger\u00eancia de Desenvolvimento Ambiental, por obter uma das melhores execu\u00e7\u00f5es na \u00e1rea dentre os projetos apoiados pelo Fida no Brasil, vem auxiliando no desenvolvimento do escopo deste projeto.<\/p>\n<p>Nesta semana, o oficial de Programas do Fida para o Brasil, Leonardo Bichara, e a consultora Ambiental do Fida, Tatiana Botelho, estiveram em Jo\u00e3o Pessoa, para tratar sobre a elabora\u00e7\u00e3o desse novo projeto. Na ter\u00e7a-feira (7), eles estiveram na sede do Procase e, na quarta-feira (8), participaram de reuni\u00e3o com o secret\u00e1rio de Estado da Agricultura Familiar e do Desenvolvimento do Semi\u00e1rido, R\u00f4mulo Montenegro, e com o diretor executivo do Sistema Estadual de Planejamento, Ricardo Lavor, que na ocasi\u00e3o representou o secret\u00e1rio de Estado do Planejamento, Or\u00e7amento e Gest\u00e3o (Seplag), Waldson Souza.<\/p>\n<div class=\"google-auto-placed ap_container\"><ins class=\"adsbygoogle adsbygoogle-noablate\" data-ad-format=\"auto\" data-ad-client=\"ca-pub-1593055478228631\" data-adsbygoogle-status=\"done\"><ins id=\"aswift_2_expand\"><ins id=\"aswift_2_anchor\"><\/ins><\/ins><\/ins>Na reuni\u00e3o realizada na sede do Procase, em Jo\u00e3o Pessoa, a consultora ambiental Tatiana Botelho apresentou a carta conceito que est\u00e1 sendo constru\u00edda, e dialogou com as ger\u00eancias do Procase acerca da sua elabora\u00e7\u00e3o.<\/div>\n<p>No encontro com o secret\u00e1rio R\u00f4mulo Montenegro, e o diretor executivo, Ricardo Lavor, o oficial de programas do Fida, Leonardo Bichara, apresentou o projeto que vem sendo constru\u00eddo, iniciando esse di\u00e1logo com o Governo do Estado da Para\u00edba. Na ocasi\u00e3o tamb\u00e9m foi firmada a agenda para um novo encontro, desta vez durante a pr\u00f3xima miss\u00e3o do FIDA em avalia\u00e7\u00e3o e acompanhamento \u00e0s a\u00e7\u00f5es do Procase, que deve acontecer em setembro deste ano.<\/p>\n<p>De acordo com o assistente t\u00e9cnico ambiental do Procase, Thiago Silva, esse projeto \u00e9 uma grande possibilidade de conciliar duas importantes pol\u00edticas: a ambiental e a produtiva, beneficiando os pequenos agricultores. \u201cEsse projeto que est\u00e1 sendo concebido para capta\u00e7\u00e3o de recursos junto ao Fundo Verde do Clima vem em um momento crucial para a Para\u00edba, pois estamos numa importante fase do Cadastro Ambiental Rural (CAR), iniciando agora o Programa de Regulariza\u00e7\u00e3o Ambiental propriamente dito, onde temos uma meta muito audaciosa, que \u00e9 recuperar as reservas legais e \u00e1reas de preserva\u00e7\u00e3o permanentes que est\u00e3o dentro das \u00e1reas das pequenas propriedades rurais. Esse recurso pode conciliar a preserva\u00e7\u00e3o do meio ambiente com a atividade produtiva, j\u00e1 que o c\u00f3digo florestal permite a recupera\u00e7\u00e3o dessas \u00e1reas com Sistemas Agroflorestais\u201d, destacou o consultor do Procase.<\/p>\n<div class=\"google-auto-placed ap_container\"><ins class=\"adsbygoogle adsbygoogle-noablate\" data-ad-format=\"auto\" data-ad-client=\"ca-pub-1593055478228631\" data-adsbygoogle-status=\"done\"><ins id=\"aswift_3_expand\"><ins id=\"aswift_3_anchor\"><\/ins><\/ins><\/ins>Caso seja aprovado, este novo projeto que ser\u00e1 realizado com apoio do Fida, deve iniciar seus trabalhos em 2020, atuando em quatro estados brasileiros, entre eles a Para\u00edba. O intuito \u00e9 apoiar a\u00e7\u00f5es que visam a garantia do acesso aos recursos h\u00eddricos e a implanta\u00e7\u00e3o de Sistemas Agroflorestais (SAFs), desenvolvendo um modelo de agricultura adaptada \u00e0 regi\u00e3o do Semi\u00e1rido, al\u00e9m de contribuir para a redu\u00e7\u00e3o dos impactos das mudan\u00e7as clim\u00e1ticas.<\/div>\n<p>Al\u00e9m do ganho ambiental, esse projeto tamb\u00e9m gera uma expectativa quanto a continuidade do Procase, uma vez que as a\u00e7\u00f5es que hoje se encontram em desenvolvimento ir\u00e3o at\u00e9 o ano de 2019, e este novo projeto abre a possibilidade para o in\u00edcio de novas a\u00e7\u00f5es em 2020, e a continuidade do trabalho que vem beneficiando os pequenos produtores paraibanos. \u201cO projeto se encontra em constru\u00e7\u00e3o, mas se tudo correr bem, em 2020, teremos recursos para dar continuidade a esse importante projeto que \u00e9 o Procase, que vem mudando a vida dos agricultores e agricultoras do estado. Levando o aprendizado e as experi\u00eancias exitosas que tivemos at\u00e9 ent\u00e3o, esse segundo projeto teria ainda maior \u00eaxito\u201d, enfatizou Thiago Silva.<\/p>\n<div class=\"google-auto-placed ap_container\"><ins class=\"adsbygoogle adsbygoogle-noablate\" data-ad-format=\"auto\" data-ad-client=\"ca-pub-1593055478228631\" data-adsbygoogle-status=\"done\"><ins id=\"aswift_4_expand\"><ins id=\"aswift_4_anchor\"><\/ins><\/ins><\/ins>O Fundo Verde do Clima (Green ClimateFund (GCF) \u00e9 uma inciativa global \u00fanica para responder \u00e0s mudan\u00e7as clim\u00e1ticas, investindo em desenvolvimento de baixo carbono e resili\u00eancia clim\u00e1tica. O GCF foi estabelecido por 194 pa\u00edses para limitar ou reduzir as emiss\u00f5es de gases de efeito estufa nos pa\u00edses em desenvolvimento e para ajudar a adaptar as sociedades vulner\u00e1veis aos inevit\u00e1veis impactos das mudan\u00e7as clim\u00e1ticas.<\/div>\n<p>O Procase \u00e9 fruto da parceria entre o Governo do Estado da Para\u00edba e o Fundo Internacional de Desenvolvimento Agr\u00edcola (Fida), Organismo das Na\u00e7\u00f5es Unidas (ONU), beneficiando 56 munic\u00edpios do Semi\u00e1rido paraibano, e visa fortalecer a agricultura familiar e contribuir para o desenvolvimento rural sustent\u00e1vel, reduzindo os n\u00edveis de pobreza rural e fortalecendo a\u00e7\u00f5es de preven\u00e7\u00e3o e mitiga\u00e7\u00e3o da desertifica\u00e7\u00e3o.<\/p>\n<p>&nbsp;<\/p>\n<p><strong>Para\u00edba j\u00e1\/Foto:Reprodu\u00e7\u00e3o\u00a0<\/strong><\/p>\n<p>Cariri Em A\u00e7\u00e3o<\/p>\n<p>Leia mais not\u00edcias em\u00a0<a href=\"http:\/\/www.caririemacao.com\/\">caririemacao.com<\/a>, siga nossa p\u00e1gina no\u00a0<a href=\"https:\/\/www.facebook.com\/CaririEmAcao\/?ref=aymt_homepage_panel\">Facebook<\/a>,\u00a0<a href=\"https:\/\/www.instagram.com\/cariri_em_acao\/?hl=pt-br\">Instagram<\/a>\u00a0e\u00a0<a href=\"https:\/\/www.youtube.com\/channel\/UCAptA0jQuYQy8vMhLt2m4qg\">Youtube<\/a>\u00a0e veja nossas mat\u00e9rias, v\u00eddeos e fotos. Voc\u00ea tamb\u00e9m pode enviar informa\u00e7\u00f5es \u00e0 Reda\u00e7\u00e3o do Portal Cariri em A\u00e7\u00e3o pelo WhatsApp (83) 9 9634.5791, (83) 9 9601-1162.<\/p>\n<p>&nbsp;<\/p>\n","protected":false},"excerpt":{"rendered":"<p>O Governo do Estado da Para\u00edba est\u00e1 participando da elabora\u00e7\u00e3o de um novo projeto junto ao Fundo Internacional de Desenvolvimento Agr\u00edcola (Fida) que busca acessar&hellip; <\/p>\n","protected":false},"author":1,"featured_media":52147,"comment_status":"closed","ping_status":"closed","sticky":false,"template":"","format":"standard","meta":{"sfsi_plus_gutenberg_text_before_share":"","sfsi_plus_gutenberg_show_text_before_share":"","sfsi_plus_gutenberg_icon_type":"","sfsi_plus_gutenberg_icon_alignemt":"","sfsi_plus_gutenburg_max_per_row":"","footnotes":""},"categories":[11],"tags":[],"class_list":["post-60674","post","type-post","status-publish","format-standard","has-post-thumbnail","hentry","category-politica"],"_links":{"self":[{"href":"https:\/\/www.caririemacao.com\/1\/wp-json\/wp\/v2\/posts\/60674","targetHints":{"allow":["GET"]}}],"collection":[{"href":"https:\/\/www.caririemacao.com\/1\/wp-json\/wp\/v2\/posts"}],"about":[{"href":"https:\/\/www.caririemacao.com\/1\/wp-json\/wp\/v2\/types\/post"}],"author":[{"embeddable":true,"href":"https:\/\/www.caririemacao.com\/1\/wp-json\/wp\/v2\/users\/1"}],"replies":[{"embeddable":true,"href":"https:\/\/www.caririemacao.com\/1\/wp-json\/wp\/v2\/comments?post=60674"}],"version-history":[{"count":1,"href":"https:\/\/www.caririemacao.com\/1\/wp-json\/wp\/v2\/posts\/60674\/revisions"}],"predecessor-version":[{"id":60675,"href":"https:\/\/www.caririemacao.com\/1\/wp-json\/wp\/v2\/posts\/60674\/revisions\/60675"}],"wp:featuredmedia":[{"embeddable":true,"href":"https:\/\/www.caririemacao.com\/1\/wp-json\/wp\/v2\/media\/52147"}],"wp:attachment":[{"href":"https:\/\/www.caririemacao.com\/1\/wp-json\/wp\/v2\/media?parent=60674"}],"wp:term":[{"taxonomy":"category","embeddable":true,"href":"https:\/\/www.caririemacao.com\/1\/wp-json\/wp\/v2\/categories?post=60674"},{"taxonomy":"post_tag","embeddable":true,"href":"https:\/\/www.caririemacao.com\/1\/wp-json\/wp\/v2\/tags?post=60674"}],"curies":[{"name":"wp","href":"https:\/\/api.w.org\/{rel}","templated":true}]}}