{"id":60676,"date":"2018-08-09T11:00:51","date_gmt":"2018-08-09T14:00:51","guid":{"rendered":"http:\/\/caririemacao.com\/1\/?p=60676"},"modified":"2018-08-09T11:01:56","modified_gmt":"2018-08-09T14:01:56","slug":"prefeito-renuncia-ao-mandato-e-vice-deve-assumir-nesta-quinta","status":"publish","type":"post","link":"https:\/\/www.caririemacao.com\/1\/2018\/08\/09\/prefeito-renuncia-ao-mandato-e-vice-deve-assumir-nesta-quinta\/","title":{"rendered":"Prefeito renuncia ao mandato e vice deve assumir nesta quinta"},"content":{"rendered":"<div class=\"td-header-wrap td-header-style-8\">\n<div class=\"td-header-menu-wrap-full td-container-wrap \">\n<div class=\"td-header-menu-wrap td-header-gradient td-affix\">\n<div class=\"td-container\">\n<div class=\"td-header-row td-header-main-menu\">\n<div id=\"td-header-menu\" role=\"navigation\">\n<div class=\"td-main-menu-logo td-logo-in-header td-logo-sticky\">O prefeito da cidade de Alagoinha, Jeov\u00e1\u00a0Jos\u00e9 (MDB),\u00a0 anunciou a ren\u00fancia do seu mandato na noite dessa quarta-feira (08). De acordo com o prefeito, problemas de sa\u00fade o impedem de seguir gerindo o executivo municipal. A decis\u00e3o foi tomada ap\u00f3s Jeov\u00e1 se reunir com vereadores e familiares.<\/div>\n<\/div>\n<\/div>\n<\/div>\n<\/div>\n<\/div>\n<\/div>\n<div class=\"td-main-content-wrap td-container-wrap\">\n<div class=\"td-container td-post-template-1 \">\n<div class=\"td-pb-row\">\n<div class=\"td-pb-span8 td-main-content\" role=\"main\">\n<div class=\"td-ss-main-content\">\n<article id=\"post-122505\" class=\"post-122505 post type-post status-publish format-standard has-post-thumbnail hentry category-politica tag-destaquefoto\">\n<div class=\"td-post-content\">\n<div class=\"green-area t-left t-cont text-center\">\n<div class=\"anuncio\">\n<p>A vice-prefeita Maria Rodrigues (PSDB), conhecida como Maria de Z\u00e9 Roberto, dever\u00e1 tomar posse ainda nesta quinta-feira (09)\u00a0em sess\u00e3o agendada para \u00e0s 15h, na C\u00e2mara Municipal.<\/p>\n<p>Uma carta de ren\u00fancia deve ser lida na sess\u00e3o.<\/p>\n<p>Jeov\u00e1 Jos\u00e9 foi\u00a0eleito com 4.656 votos em\u00a02016. Ele fazia oposi\u00e7\u00e3o a prefeita da \u00e9poca Alcione Beltr\u00e3o.<\/p>\n<\/div>\n<\/div>\n<p><strong>Para\u00edba j\u00e1\/Foto: Reprodu\u00e7\u00e3o\u00a0<\/strong><\/p>\n<p>Cariri Em A\u00e7\u00e3o<\/p>\n<p>Leia mais not\u00edcias em\u00a0<a href=\"http:\/\/www.caririemacao.com\/\">caririemacao.com<\/a>, siga nossa p\u00e1gina no\u00a0<a href=\"https:\/\/www.facebook.com\/CaririEmAcao\/?ref=aymt_homepage_panel\">Facebook<\/a>,\u00a0<a href=\"https:\/\/www.instagram.com\/cariri_em_acao\/?hl=pt-br\">Instagram<\/a>\u00a0e\u00a0<a href=\"https:\/\/www.youtube.com\/channel\/UCAptA0jQuYQy8vMhLt2m4qg\">Youtube<\/a>\u00a0e veja nossas mat\u00e9rias, v\u00eddeos e fotos. Voc\u00ea tamb\u00e9m pode enviar informa\u00e7\u00f5es \u00e0 Reda\u00e7\u00e3o do Portal Cariri em A\u00e7\u00e3o pelo WhatsApp (83) 9 9634.5791, (83) 9 9601-1162.<\/p>\n<\/div>\n<\/article>\n<\/div>\n<\/div>\n<\/div>\n<\/div>\n<\/div>\n","protected":false},"excerpt":{"rendered":"<p>O prefeito da cidade de Alagoinha, Jeov\u00e1\u00a0Jos\u00e9 (MDB),\u00a0 anunciou a ren\u00fancia do seu mandato na noite dessa quarta-feira (08). De acordo com o prefeito, problemas&hellip; <\/p>\n","protected":false},"author":1,"featured_media":60677,"comment_status":"closed","ping_status":"closed","sticky":false,"template":"","format":"standard","meta":{"sfsi_plus_gutenberg_text_before_share":"","sfsi_plus_gutenberg_show_text_before_share":"","sfsi_plus_gutenberg_icon_type":"","sfsi_plus_gutenberg_icon_alignemt":"","sfsi_plus_gutenburg_max_per_row":"","footnotes":""},"categories":[11],"tags":[],"class_list":["post-60676","post","type-post","status-publish","format-standard","has-post-thumbnail","hentry","category-politica"],"_links":{"self":[{"href":"https:\/\/www.caririemacao.com\/1\/wp-json\/wp\/v2\/posts\/60676","targetHints":{"allow":["GET"]}}],"collection":[{"href":"https:\/\/www.caririemacao.com\/1\/wp-json\/wp\/v2\/posts"}],"about":[{"href":"https:\/\/www.caririemacao.com\/1\/wp-json\/wp\/v2\/types\/post"}],"author":[{"embeddable":true,"href":"https:\/\/www.caririemacao.com\/1\/wp-json\/wp\/v2\/users\/1"}],"replies":[{"embeddable":true,"href":"https:\/\/www.caririemacao.com\/1\/wp-json\/wp\/v2\/comments?post=60676"}],"version-history":[{"count":2,"href":"https:\/\/www.caririemacao.com\/1\/wp-json\/wp\/v2\/posts\/60676\/revisions"}],"predecessor-version":[{"id":60679,"href":"https:\/\/www.caririemacao.com\/1\/wp-json\/wp\/v2\/posts\/60676\/revisions\/60679"}],"wp:featuredmedia":[{"embeddable":true,"href":"https:\/\/www.caririemacao.com\/1\/wp-json\/wp\/v2\/media\/60677"}],"wp:attachment":[{"href":"https:\/\/www.caririemacao.com\/1\/wp-json\/wp\/v2\/media?parent=60676"}],"wp:term":[{"taxonomy":"category","embeddable":true,"href":"https:\/\/www.caririemacao.com\/1\/wp-json\/wp\/v2\/categories?post=60676"},{"taxonomy":"post_tag","embeddable":true,"href":"https:\/\/www.caririemacao.com\/1\/wp-json\/wp\/v2\/tags?post=60676"}],"curies":[{"name":"wp","href":"https:\/\/api.w.org\/{rel}","templated":true}]}}