{"id":60683,"date":"2018-08-09T12:09:39","date_gmt":"2018-08-09T15:09:39","guid":{"rendered":"http:\/\/caririemacao.com\/1\/?p=60683"},"modified":"2018-08-09T13:04:06","modified_gmt":"2018-08-09T16:04:06","slug":"clinica-dr-wanderley-entrega-alimentos-arrecadados-durante-aniversario-de-02-anos","status":"publish","type":"post","link":"https:\/\/www.caririemacao.com\/1\/2018\/08\/09\/clinica-dr-wanderley-entrega-alimentos-arrecadados-durante-aniversario-de-02-anos\/","title":{"rendered":"Cl\u00ednica Wanderley Diagn\u00f3sticos por imagem entrega alimentos arrecadados durante anivers\u00e1rio de 02 anos"},"content":{"rendered":"<p>Pensando no social e em contribuir por uma sociedade melhor, a dire\u00e7\u00e3o da Cl\u00ednica Wanderley Diagn\u00f3sticos por imagem esteve na tarde desta quarta-feira, dia 08, entregando os alimentos arrecadados durante a campanha realizada nas comemora\u00e7\u00f5es do 2\u00ba ano da cl\u00ednica na cidade de Monteiro.<\/p>\n<p><img fetchpriority=\"high\" decoding=\"async\" class=\"alignnone size-full wp-image-60688\" src=\"http:\/\/caririemacao.com\/1\/wp-content\/uploads\/2018\/08\/DSC_0007.jpg\" alt=\"\" width=\"1024\" height=\"683\" srcset=\"https:\/\/www.caririemacao.com\/1\/wp-content\/uploads\/2018\/08\/DSC_0007.jpg 1024w, https:\/\/www.caririemacao.com\/1\/wp-content\/uploads\/2018\/08\/DSC_0007-300x200.jpg 300w, https:\/\/www.caririemacao.com\/1\/wp-content\/uploads\/2018\/08\/DSC_0007-768x512.jpg 768w\" sizes=\"(max-width: 1024px) 100vw, 1024px\" \/><\/p>\n<p>Para a gerente Mayara Fook, todos os alimentos arrecadados foram entregues a secret\u00e1ria de Desenvolvimento Social de Monteiro, Rosa Aleixo, e ser\u00e3o destinados \u00e0s fam\u00edlias carentes do munic\u00edpio, atrav\u00e9s de a\u00e7\u00f5es realizadas pela secretaria.<\/p>\n<p><img decoding=\"async\" class=\"alignnone size-full wp-image-60692 lazyload\" data-src=\"http:\/\/caririemacao.com\/1\/wp-content\/uploads\/2018\/08\/DSC_0017.jpg\" alt=\"\" width=\"1024\" height=\"683\" data-srcset=\"https:\/\/www.caririemacao.com\/1\/wp-content\/uploads\/2018\/08\/DSC_0017.jpg 1024w, https:\/\/www.caririemacao.com\/1\/wp-content\/uploads\/2018\/08\/DSC_0017-300x200.jpg 300w, https:\/\/www.caririemacao.com\/1\/wp-content\/uploads\/2018\/08\/DSC_0017-768x512.jpg 768w\" data-sizes=\"(max-width: 1024px) 100vw, 1024px\" src=\"data:image\/svg+xml;base64,PHN2ZyB3aWR0aD0iMSIgaGVpZ2h0PSIxIiB4bWxucz0iaHR0cDovL3d3dy53My5vcmcvMjAwMC9zdmciPjwvc3ZnPg==\" style=\"--smush-placeholder-width: 1024px; --smush-placeholder-aspect-ratio: 1024\/683;\" \/><\/p>\n<p>Na ocasi\u00e3o, Rosa Aleixo agradeceu a parceria com a Cl\u00ednica Dr. Wanderley Diagn\u00f3sticos, parabenizando a atitude social da empresa.<\/p>\n<p><strong>VEJA ENTREVISTA EXCLUSIVA<\/strong><\/p>\n<p><div class=\"ose- ose-uid-89253c66e6faefd120e94ab273ba0bab ose-embedpress-responsive\" style=\"width:600px; height:550px; max-height:550px; max-width:100%; display:inline-block;\" data-embed-type=\"Facebook\"><iframe allowFullScreen=\"true\" class=\"embera-facebook-iframe-89253 lazyload\" data-src=\"https:\/\/www.facebook.com\/plugins\/post.php?href=https%3A%2F%2Fwww.facebook.com%2FCaririEmAcao%2Fvideos%2F1326146034188083%2F&width=600&height=550&show_text=true\" width=\"600\" height=\"550\" style=\"border:none;overflow:hidden\" scrolling=\"no\" frameborder=\"0\" allowTransparency=\"true\" src=\"data:image\/svg+xml;base64,PHN2ZyB3aWR0aD0iMSIgaGVpZ2h0PSIxIiB4bWxucz0iaHR0cDovL3d3dy53My5vcmcvMjAwMC9zdmciPjwvc3ZnPg==\" data-load-mode=\"1\"><\/iframe><\/div><\/p>\n<p><img decoding=\"async\" class=\"alignnone size-full wp-image-60685 lazyload\" data-src=\"http:\/\/caririemacao.com\/1\/wp-content\/uploads\/2018\/08\/DSC_0001.jpg\" alt=\"\" width=\"1024\" height=\"683\" data-srcset=\"https:\/\/www.caririemacao.com\/1\/wp-content\/uploads\/2018\/08\/DSC_0001.jpg 1024w, https:\/\/www.caririemacao.com\/1\/wp-content\/uploads\/2018\/08\/DSC_0001-300x200.jpg 300w, https:\/\/www.caririemacao.com\/1\/wp-content\/uploads\/2018\/08\/DSC_0001-768x512.jpg 768w\" data-sizes=\"(max-width: 1024px) 100vw, 1024px\" src=\"data:image\/svg+xml;base64,PHN2ZyB3aWR0aD0iMSIgaGVpZ2h0PSIxIiB4bWxucz0iaHR0cDovL3d3dy53My5vcmcvMjAwMC9zdmciPjwvc3ZnPg==\" style=\"--smush-placeholder-width: 1024px; --smush-placeholder-aspect-ratio: 1024\/683;\" \/> <img decoding=\"async\" class=\"alignnone size-full wp-image-60687 lazyload\" data-src=\"http:\/\/caririemacao.com\/1\/wp-content\/uploads\/2018\/08\/DSC_0004.jpg\" alt=\"\" width=\"1024\" height=\"683\" data-srcset=\"https:\/\/www.caririemacao.com\/1\/wp-content\/uploads\/2018\/08\/DSC_0004.jpg 1024w, https:\/\/www.caririemacao.com\/1\/wp-content\/uploads\/2018\/08\/DSC_0004-300x200.jpg 300w, https:\/\/www.caririemacao.com\/1\/wp-content\/uploads\/2018\/08\/DSC_0004-768x512.jpg 768w\" data-sizes=\"(max-width: 1024px) 100vw, 1024px\" src=\"data:image\/svg+xml;base64,PHN2ZyB3aWR0aD0iMSIgaGVpZ2h0PSIxIiB4bWxucz0iaHR0cDovL3d3dy53My5vcmcvMjAwMC9zdmciPjwvc3ZnPg==\" style=\"--smush-placeholder-width: 1024px; --smush-placeholder-aspect-ratio: 1024\/683;\" \/> <img decoding=\"async\" class=\"alignnone size-full wp-image-60691 lazyload\" data-src=\"http:\/\/caririemacao.com\/1\/wp-content\/uploads\/2018\/08\/DSC_0015.jpg\" alt=\"\" width=\"1024\" height=\"683\" data-srcset=\"https:\/\/www.caririemacao.com\/1\/wp-content\/uploads\/2018\/08\/DSC_0015.jpg 1024w, https:\/\/www.caririemacao.com\/1\/wp-content\/uploads\/2018\/08\/DSC_0015-300x200.jpg 300w, https:\/\/www.caririemacao.com\/1\/wp-content\/uploads\/2018\/08\/DSC_0015-768x512.jpg 768w\" data-sizes=\"(max-width: 1024px) 100vw, 1024px\" src=\"data:image\/svg+xml;base64,PHN2ZyB3aWR0aD0iMSIgaGVpZ2h0PSIxIiB4bWxucz0iaHR0cDovL3d3dy53My5vcmcvMjAwMC9zdmciPjwvc3ZnPg==\" style=\"--smush-placeholder-width: 1024px; --smush-placeholder-aspect-ratio: 1024\/683;\" \/><\/p>\n","protected":false},"excerpt":{"rendered":"<p>Pensando no social e em contribuir por uma sociedade melhor, a dire\u00e7\u00e3o da Cl\u00ednica Wanderley Diagn\u00f3sticos por imagem esteve na tarde desta quarta-feira, dia 08,&hellip; <\/p>\n","protected":false},"author":2,"featured_media":60686,"comment_status":"closed","ping_status":"closed","sticky":false,"template":"","format":"standard","meta":{"sfsi_plus_gutenberg_text_before_share":"","sfsi_plus_gutenberg_show_text_before_share":"","sfsi_plus_gutenberg_icon_type":"","sfsi_plus_gutenberg_icon_alignemt":"","sfsi_plus_gutenburg_max_per_row":"","footnotes":""},"categories":[2],"tags":[],"class_list":["post-60683","post","type-post","status-publish","format-standard","has-post-thumbnail","hentry","category-geral"],"_links":{"self":[{"href":"https:\/\/www.caririemacao.com\/1\/wp-json\/wp\/v2\/posts\/60683","targetHints":{"allow":["GET"]}}],"collection":[{"href":"https:\/\/www.caririemacao.com\/1\/wp-json\/wp\/v2\/posts"}],"about":[{"href":"https:\/\/www.caririemacao.com\/1\/wp-json\/wp\/v2\/types\/post"}],"author":[{"embeddable":true,"href":"https:\/\/www.caririemacao.com\/1\/wp-json\/wp\/v2\/users\/2"}],"replies":[{"embeddable":true,"href":"https:\/\/www.caririemacao.com\/1\/wp-json\/wp\/v2\/comments?post=60683"}],"version-history":[{"count":5,"href":"https:\/\/www.caririemacao.com\/1\/wp-json\/wp\/v2\/posts\/60683\/revisions"}],"predecessor-version":[{"id":60714,"href":"https:\/\/www.caririemacao.com\/1\/wp-json\/wp\/v2\/posts\/60683\/revisions\/60714"}],"wp:featuredmedia":[{"embeddable":true,"href":"https:\/\/www.caririemacao.com\/1\/wp-json\/wp\/v2\/media\/60686"}],"wp:attachment":[{"href":"https:\/\/www.caririemacao.com\/1\/wp-json\/wp\/v2\/media?parent=60683"}],"wp:term":[{"taxonomy":"category","embeddable":true,"href":"https:\/\/www.caririemacao.com\/1\/wp-json\/wp\/v2\/categories?post=60683"},{"taxonomy":"post_tag","embeddable":true,"href":"https:\/\/www.caririemacao.com\/1\/wp-json\/wp\/v2\/tags?post=60683"}],"curies":[{"name":"wp","href":"https:\/\/api.w.org\/{rel}","templated":true}]}}