{"id":60700,"date":"2018-08-09T12:43:51","date_gmt":"2018-08-09T15:43:51","guid":{"rendered":"http:\/\/caririemacao.com\/1\/?p=60700"},"modified":"2018-08-09T12:54:08","modified_gmt":"2018-08-09T15:54:08","slug":"justica-federal-bloqueia-bens-do-ex-prefeito-de-camalau-e-da-construtora-campos-filho","status":"publish","type":"post","link":"https:\/\/www.caririemacao.com\/1\/2018\/08\/09\/justica-federal-bloqueia-bens-do-ex-prefeito-de-camalau-e-da-construtora-campos-filho\/","title":{"rendered":"Justi\u00e7a Federal bloqueia bens do ex-prefeito de Camala\u00fa e da Construtora Campos Filho"},"content":{"rendered":"<p>A Justi\u00e7a Federal da 11\u00aa Vara Federal de Monteiro decidiu bloquear os bens do Ex-prefeito de Camala\u00fa, Jacinto Bezerra e da Construtora Campos Filho, por pagamento ilegal, decorrente de execu\u00e7\u00e3o de obra de uma Escola P\u00fablica no munic\u00edpio, em mais de 60 mil reais.<\/p>\n<p>A a\u00e7\u00e3o foi movida pelo MPF contra o ex-prefeito de Camala\u00fa, Jacinto Bezerra da Silva, por suposto ato de improbidade administrativa, identificado em pagamento ilegal na execu\u00e7\u00e3o da obra, objeto de um conv\u00eanio firmado com o FNDE\/MEC, para constru\u00e7\u00e3o salas de aula na Escola Municipal Francisco Chaves Ventura.<\/p>\n<p>Segundo a atual gest\u00e3o, ainda h\u00e1 muito o que ser investigado, para que se tenha o m\u00ednimo de respeito ao patrim\u00f4nio do Munic\u00edpio de Camala\u00fa, que dever\u00e1 ser devidamente reparado pelos danos que tenham supostamente sofrido em gest\u00f5es anteriores.<\/p>\n<p>O pedido do bloqueio foi feito ao\u00a0BacenJud &#8211; Sistema de Atendimento ao Poder\u00a0Judici\u00e1rio, ligado ao Banco Central do Brasil.<\/p>\n","protected":false},"excerpt":{"rendered":"<p>A Justi\u00e7a Federal da 11\u00aa Vara Federal de Monteiro decidiu bloquear os bens do Ex-prefeito de Camala\u00fa, Jacinto Bezerra e da Construtora Campos Filho, por&hellip; <\/p>\n","protected":false},"author":2,"featured_media":60702,"comment_status":"closed","ping_status":"closed","sticky":false,"template":"","format":"standard","meta":{"sfsi_plus_gutenberg_text_before_share":"","sfsi_plus_gutenberg_show_text_before_share":"","sfsi_plus_gutenberg_icon_type":"","sfsi_plus_gutenberg_icon_alignemt":"","sfsi_plus_gutenburg_max_per_row":"","footnotes":""},"categories":[11],"tags":[],"class_list":["post-60700","post","type-post","status-publish","format-standard","has-post-thumbnail","hentry","category-politica"],"_links":{"self":[{"href":"https:\/\/www.caririemacao.com\/1\/wp-json\/wp\/v2\/posts\/60700","targetHints":{"allow":["GET"]}}],"collection":[{"href":"https:\/\/www.caririemacao.com\/1\/wp-json\/wp\/v2\/posts"}],"about":[{"href":"https:\/\/www.caririemacao.com\/1\/wp-json\/wp\/v2\/types\/post"}],"author":[{"embeddable":true,"href":"https:\/\/www.caririemacao.com\/1\/wp-json\/wp\/v2\/users\/2"}],"replies":[{"embeddable":true,"href":"https:\/\/www.caririemacao.com\/1\/wp-json\/wp\/v2\/comments?post=60700"}],"version-history":[{"count":3,"href":"https:\/\/www.caririemacao.com\/1\/wp-json\/wp\/v2\/posts\/60700\/revisions"}],"predecessor-version":[{"id":60713,"href":"https:\/\/www.caririemacao.com\/1\/wp-json\/wp\/v2\/posts\/60700\/revisions\/60713"}],"wp:featuredmedia":[{"embeddable":true,"href":"https:\/\/www.caririemacao.com\/1\/wp-json\/wp\/v2\/media\/60702"}],"wp:attachment":[{"href":"https:\/\/www.caririemacao.com\/1\/wp-json\/wp\/v2\/media?parent=60700"}],"wp:term":[{"taxonomy":"category","embeddable":true,"href":"https:\/\/www.caririemacao.com\/1\/wp-json\/wp\/v2\/categories?post=60700"},{"taxonomy":"post_tag","embeddable":true,"href":"https:\/\/www.caririemacao.com\/1\/wp-json\/wp\/v2\/tags?post=60700"}],"curies":[{"name":"wp","href":"https:\/\/api.w.org\/{rel}","templated":true}]}}