{"id":60701,"date":"2018-08-09T12:45:42","date_gmt":"2018-08-09T15:45:42","guid":{"rendered":"http:\/\/caririemacao.com\/1\/?p=60701"},"modified":"2018-08-09T12:46:28","modified_gmt":"2018-08-09T15:46:28","slug":"sume-realiza-nesta-sexta-feira-o-1o-forum-comunitario-do-selo-unicef-2","status":"publish","type":"post","link":"https:\/\/www.caririemacao.com\/1\/2018\/08\/09\/sume-realiza-nesta-sexta-feira-o-1o-forum-comunitario-do-selo-unicef-2\/","title":{"rendered":"Sum\u00e9 realiza nesta sexta-feira o 1\u00ba F\u00f3rum Comunit\u00e1rio do Selo Unicef"},"content":{"rendered":"<p>A cidade de Sum\u00e9 se prepara para realizar o primeiro F\u00f3rum Comunit\u00e1rio do Selo Unicef, que tem por finalidade debater a\u00e7\u00f5es em prol das crian\u00e7as e adolescentes. O evento acontece nesta sexta-feira (10\/08), a partir das 8h na C\u00e2mara de Vereadores do munic\u00edpio.<\/p>\n<p>O Conselho Municipal dos Direitos da Crian\u00e7a e do Adolescente (CMDCA) em parceria com a Prefeitura Municipal de Sum\u00e9, por meio da Secretarias Municipais (Educa\u00e7\u00e3o, Sa\u00fade e Assist\u00eancia Social) ir\u00e3o contribuir com a conquista do Selo Unicef Edi\u00e7\u00e3o 2017-2020, que tem por objetivo o alcance\u00a0 das metas a serem atingidas para receber o Selo Unicef.<\/p>\n<p>Na programa\u00e7\u00e3o do F\u00f3rum est\u00e3o previstas a\u00e7\u00f5es diversas, que englobam:\u00a0 apresenta\u00e7\u00f5es culturais, apresenta\u00e7\u00e3o da metodologia do Selo, do Diagn\u00f3stico da situa\u00e7\u00e3o das crian\u00e7as e adolescentes do munic\u00edpio de Sum\u00e9 e da proposta de A\u00e7\u00e3o do N\u00facleo de cidadania da crian\u00e7a e do Adolescente (Nuca).<\/p>\n<p>A comiss\u00e3o intersetorial que est\u00e1 respons\u00e1vel pela realiza\u00e7\u00e3o do F\u00f3rum tem em sua composi\u00e7\u00e3o a articula\u00e7\u00e3o dos v\u00e1rios setores sociais, reiterando o compromisso do munic\u00edpio com este p\u00fablico alvo.<\/p>\n<p>O selo Unicef tem por objetivo, atrav\u00e9s do trabalho integrado entre as Secretarias municipais, a promo\u00e7\u00e3o da melhoria dos \u00edndices relacionados a crian\u00e7as e adolescentes no munic\u00edpio, como a aten\u00e7\u00e3o \u00e0 primeira inf\u00e2ncia, o registro civil e a evas\u00e3o escolar. Participam da comiss\u00e3o do selo representa\u00e7\u00f5es das Secretarias de Administra\u00e7\u00e3o e\u00a0 Finan\u00e7as, Educa\u00e7\u00e3o, Sa\u00fade, Assist\u00eancia \u00a0Social, Cultura e adolescentes do servi\u00e7o de conviv\u00eancia e fortalecimento de v\u00ednculos.<\/p>\n<p>O Conselho Municipal dos Direitos da Crian\u00e7a e do Adolescente (CMDCA) juntamente com a Prefeitura municipal de Sum\u00e9 est\u00e3o respons\u00e1veis pela mobiliza\u00e7\u00e3o do I F\u00f3rum comunit\u00e1rio do Selo Unicef\u00a0 (2017-2020); no qual refor\u00e7am a relev\u00e2ncia da participa\u00e7\u00e3o de toda a sociedade neste espa\u00e7o de constru\u00e7\u00e3o de pol\u00edticas p\u00fablicas direcionadas as crian\u00e7as e adolescentes do munic\u00edpio de Sum\u00e9.<\/p>\n<p>&nbsp;<\/p>\n<p><strong>Ascom\/PMS<\/strong><\/p>\n<p>Cariri Em A\u00e7\u00e3o<\/p>\n<p>Leia mais not\u00edcias em\u00a0<a href=\"http:\/\/www.caririemacao.com\/\">caririemacao.com<\/a>, siga nossa p\u00e1gina no\u00a0<a href=\"https:\/\/www.facebook.com\/CaririEmAcao\/?ref=aymt_homepage_panel\">Facebook<\/a>,\u00a0<a href=\"https:\/\/www.instagram.com\/cariri_em_acao\/?hl=pt-br\">Instagram<\/a>\u00a0e\u00a0<a href=\"https:\/\/www.youtube.com\/channel\/UCAptA0jQuYQy8vMhLt2m4qg\">Youtube<\/a>\u00a0e veja nossas mat\u00e9rias, v\u00eddeos e fotos. Voc\u00ea tamb\u00e9m pode enviar informa\u00e7\u00f5es \u00e0 Reda\u00e7\u00e3o do Portal Cariri em A\u00e7\u00e3o pelo WhatsApp (83) 9 9634.5791, (83) 9 9601-1162.<\/p>\n","protected":false},"excerpt":{"rendered":"<p>A cidade de Sum\u00e9 se prepara para realizar o primeiro F\u00f3rum Comunit\u00e1rio do Selo Unicef, que tem por finalidade debater a\u00e7\u00f5es em prol das crian\u00e7as&hellip; <\/p>\n","protected":false},"author":1,"featured_media":60695,"comment_status":"closed","ping_status":"closed","sticky":false,"template":"","format":"standard","meta":{"sfsi_plus_gutenberg_text_before_share":"","sfsi_plus_gutenberg_show_text_before_share":"","sfsi_plus_gutenberg_icon_type":"","sfsi_plus_gutenberg_icon_alignemt":"","sfsi_plus_gutenburg_max_per_row":"","footnotes":""},"categories":[2],"tags":[],"class_list":["post-60701","post","type-post","status-publish","format-standard","has-post-thumbnail","hentry","category-geral"],"_links":{"self":[{"href":"https:\/\/www.caririemacao.com\/1\/wp-json\/wp\/v2\/posts\/60701","targetHints":{"allow":["GET"]}}],"collection":[{"href":"https:\/\/www.caririemacao.com\/1\/wp-json\/wp\/v2\/posts"}],"about":[{"href":"https:\/\/www.caririemacao.com\/1\/wp-json\/wp\/v2\/types\/post"}],"author":[{"embeddable":true,"href":"https:\/\/www.caririemacao.com\/1\/wp-json\/wp\/v2\/users\/1"}],"replies":[{"embeddable":true,"href":"https:\/\/www.caririemacao.com\/1\/wp-json\/wp\/v2\/comments?post=60701"}],"version-history":[{"count":1,"href":"https:\/\/www.caririemacao.com\/1\/wp-json\/wp\/v2\/posts\/60701\/revisions"}],"predecessor-version":[{"id":60705,"href":"https:\/\/www.caririemacao.com\/1\/wp-json\/wp\/v2\/posts\/60701\/revisions\/60705"}],"wp:featuredmedia":[{"embeddable":true,"href":"https:\/\/www.caririemacao.com\/1\/wp-json\/wp\/v2\/media\/60695"}],"wp:attachment":[{"href":"https:\/\/www.caririemacao.com\/1\/wp-json\/wp\/v2\/media?parent=60701"}],"wp:term":[{"taxonomy":"category","embeddable":true,"href":"https:\/\/www.caririemacao.com\/1\/wp-json\/wp\/v2\/categories?post=60701"},{"taxonomy":"post_tag","embeddable":true,"href":"https:\/\/www.caririemacao.com\/1\/wp-json\/wp\/v2\/tags?post=60701"}],"curies":[{"name":"wp","href":"https:\/\/api.w.org\/{rel}","templated":true}]}}