{"id":60708,"date":"2018-08-09T12:51:32","date_gmt":"2018-08-09T15:51:32","guid":{"rendered":"http:\/\/caririemacao.com\/1\/?p=60708"},"modified":"2018-08-09T12:52:21","modified_gmt":"2018-08-09T15:52:21","slug":"joao-vai-pessoalmente-ao-tre-pb-formalizar-o-registro-de-sua-candidatura-nesta-5a-feira","status":"publish","type":"post","link":"https:\/\/www.caririemacao.com\/1\/2018\/08\/09\/joao-vai-pessoalmente-ao-tre-pb-formalizar-o-registro-de-sua-candidatura-nesta-5a-feira\/","title":{"rendered":"Jo\u00e3o vai pessoalmente ao TRE-PB formalizar o registro de sua candidatura, nesta 5\u00aa feira"},"content":{"rendered":"<div class=\"td-header-wrap td-header-style-8\">\n<div class=\"td-header-menu-wrap-full td-container-wrap \">\n<div class=\"td-header-menu-wrap td-header-gradient td-affix\">\n<div class=\"td-container\">\n<div class=\"td-header-row td-header-main-menu\">\n<div id=\"td-header-menu\" role=\"navigation\">\n<div class=\"td-main-menu-logo td-logo-in-header td-logo-sticky\"><\/div>\n<\/div>\n<\/div>\n<\/div>\n<\/div>\n<\/div>\n<\/div>\n<div class=\"td-main-content-wrap td-container-wrap\">\n<div class=\"td-container td-post-template-1 \">\n<div class=\"td-pb-row\">\n<div class=\"td-pb-span8 td-main-content\" role=\"main\">\n<div class=\"td-ss-main-content\">\n<article id=\"post-122515\" class=\"post-122515 post type-post status-publish format-standard has-post-thumbnail hentry category-politica tag-destaquefoto\">\n<div class=\"td-post-content\">\n<div class=\"td-featured-image-rec\">\n<div class=\"td-post-featured-image\"><a class=\"td-modal-image\" href=\"https:\/\/paraibaja.com.br\/wp-content\/uploads\/2018\/08\/Joao-e1533828829929.jpeg\" data-caption=\"\"><img fetchpriority=\"high\" decoding=\"async\" class=\"entry-thumb td-animation-stack-type0-2\" title=\"Joao\" src=\"https:\/\/paraibaja.com.br\/wp-content\/uploads\/2018\/08\/Joao-696x464.jpeg\" sizes=\"(max-width: 696px) 100vw, 696px\" srcset=\"https:\/\/paraibaja.com.br\/wp-content\/uploads\/2018\/08\/Joao-696x464.jpeg 696w, https:\/\/paraibaja.com.br\/wp-content\/uploads\/2018\/08\/Joao-300x200.jpeg 300w, https:\/\/paraibaja.com.br\/wp-content\/uploads\/2018\/08\/Joao-768x512.jpeg 768w, https:\/\/paraibaja.com.br\/wp-content\/uploads\/2018\/08\/Joao-1024x682.jpeg 1024w, https:\/\/paraibaja.com.br\/wp-content\/uploads\/2018\/08\/Joao-1068x712.jpeg 1068w, https:\/\/paraibaja.com.br\/wp-content\/uploads\/2018\/08\/Joao-630x420.jpeg 630w, https:\/\/paraibaja.com.br\/wp-content\/uploads\/2018\/08\/Joao-450x300.jpeg 450w, https:\/\/paraibaja.com.br\/wp-content\/uploads\/2018\/08\/Joao-e1533828829929.jpeg 700w\" alt=\"Jo\u00e3o vai pessoalmente ao TRE-PB formalizar o registro de sua candidatura, nesta quinta-feira\" width=\"696\" height=\"464\" \/><\/a><\/div>\n<\/div>\n<p>Nesta quinta-feira (19), \u00e0s 16h30, o socialista Jo\u00e3o Azev\u00eado vai pessoalmente ao Tribunal Regional Eleitoral da Para\u00edba (TRE-PB) formalizar o registro de sua candidatura ao Governo do Estado.<\/p>\n<p>Ele estar\u00e1 acompanhando de sua candidata a vice-governadora, L\u00edgia Feliciano (PDT), e dos deputados federais Veneziano Vital do R\u00eago (PSB) e Luiz Couto (PT), candidatos ao Senado pela coliga\u00e7\u00e3o \u2018A For\u00e7a do Trabalho\u2019.<\/p>\n<p>\u00c0 noite, a partir das 18h, Jo\u00e3o participa de um encontro com advogados, na P\u00e9rola Recep\u00e7\u00f5es. Em seguida, o candidato socialista se dirige ao gin\u00e1sio do Prosind para comandar a Plen\u00e1ria das Mangabeiras, que deve reunir tamb\u00e9m o governador Ricardo Coutinho (PSB) e candidatos a senador e a deputado da coliga\u00e7\u00e3o.<\/p>\n<h2>Agenda de Jo\u00e3o \u2013 09\/08<\/h2>\n<p><strong>Tarde<\/strong><\/p>\n<p><strong>16h30<\/strong>\u00a0\u2013 Registro de candidatura<\/p>\n<p>Local: Sede do TRE-PB \u2013 Rua Princesa Isabel<\/p>\n<p><strong>Noite<\/strong><\/p>\n<p><strong>18h<\/strong>\u00a0\u2013 Encontro com a advocacia<\/p>\n<p>Local: P\u00e9rola recep\u00e7\u00f5es \u2013 BR230<\/p>\n<p><strong>19h<\/strong>\u00a0\u2013 Plen\u00e1ria das Mangabeiras (I a VIII)<\/p>\n<p>Local: Gin\u00e1sio do Prosind \u2013 Rua Roseane de F\u00e1tima Clemente, n\u00ba 2152<\/p>\n<\/div>\n<\/article>\n<p>&nbsp;<\/p>\n<p><strong>Para\u00edba J\u00e1\/Foto:Reprodu\u00e7\u00e3o\u00a0<\/strong><\/p>\n<p>Cariri Em A\u00e7\u00e3o<\/p>\n<p>Leia mais not\u00edcias em\u00a0<a href=\"http:\/\/www.caririemacao.com\/\">caririemacao.com<\/a>, siga nossa p\u00e1gina no\u00a0<a href=\"https:\/\/www.facebook.com\/CaririEmAcao\/?ref=aymt_homepage_panel\">Facebook<\/a>,\u00a0<a href=\"https:\/\/www.instagram.com\/cariri_em_acao\/?hl=pt-br\">Instagram<\/a>\u00a0e\u00a0<a href=\"https:\/\/www.youtube.com\/channel\/UCAptA0jQuYQy8vMhLt2m4qg\">Youtube<\/a>\u00a0e veja nossas mat\u00e9rias, v\u00eddeos e fotos. Voc\u00ea tamb\u00e9m pode enviar informa\u00e7\u00f5es \u00e0 Reda\u00e7\u00e3o do Portal Cariri em A\u00e7\u00e3o pelo WhatsApp (83) 9 9634.5791, (83) 9 9601-1162.<\/p>\n<\/div>\n<\/div>\n<\/div>\n<\/div>\n<\/div>\n","protected":false},"excerpt":{"rendered":"<p>Nesta quinta-feira (19), \u00e0s 16h30, o socialista Jo\u00e3o Azev\u00eado vai pessoalmente ao Tribunal Regional Eleitoral da Para\u00edba (TRE-PB) formalizar o registro de sua candidatura ao&hellip; <\/p>\n","protected":false},"author":1,"featured_media":60710,"comment_status":"closed","ping_status":"closed","sticky":false,"template":"","format":"standard","meta":{"sfsi_plus_gutenberg_text_before_share":"","sfsi_plus_gutenberg_show_text_before_share":"","sfsi_plus_gutenberg_icon_type":"","sfsi_plus_gutenberg_icon_alignemt":"","sfsi_plus_gutenburg_max_per_row":"","footnotes":""},"categories":[1],"tags":[],"class_list":["post-60708","post","type-post","status-publish","format-standard","has-post-thumbnail","hentry","category-o-site"],"_links":{"self":[{"href":"https:\/\/www.caririemacao.com\/1\/wp-json\/wp\/v2\/posts\/60708","targetHints":{"allow":["GET"]}}],"collection":[{"href":"https:\/\/www.caririemacao.com\/1\/wp-json\/wp\/v2\/posts"}],"about":[{"href":"https:\/\/www.caririemacao.com\/1\/wp-json\/wp\/v2\/types\/post"}],"author":[{"embeddable":true,"href":"https:\/\/www.caririemacao.com\/1\/wp-json\/wp\/v2\/users\/1"}],"replies":[{"embeddable":true,"href":"https:\/\/www.caririemacao.com\/1\/wp-json\/wp\/v2\/comments?post=60708"}],"version-history":[{"count":2,"href":"https:\/\/www.caririemacao.com\/1\/wp-json\/wp\/v2\/posts\/60708\/revisions"}],"predecessor-version":[{"id":60712,"href":"https:\/\/www.caririemacao.com\/1\/wp-json\/wp\/v2\/posts\/60708\/revisions\/60712"}],"wp:featuredmedia":[{"embeddable":true,"href":"https:\/\/www.caririemacao.com\/1\/wp-json\/wp\/v2\/media\/60710"}],"wp:attachment":[{"href":"https:\/\/www.caririemacao.com\/1\/wp-json\/wp\/v2\/media?parent=60708"}],"wp:term":[{"taxonomy":"category","embeddable":true,"href":"https:\/\/www.caririemacao.com\/1\/wp-json\/wp\/v2\/categories?post=60708"},{"taxonomy":"post_tag","embeddable":true,"href":"https:\/\/www.caririemacao.com\/1\/wp-json\/wp\/v2\/tags?post=60708"}],"curies":[{"name":"wp","href":"https:\/\/api.w.org\/{rel}","templated":true}]}}