{"id":60722,"date":"2018-08-09T14:03:26","date_gmt":"2018-08-09T17:03:26","guid":{"rendered":"http:\/\/caririemacao.com\/1\/?p=60722"},"modified":"2018-08-09T14:03:26","modified_gmt":"2018-08-09T17:03:26","slug":"prefeitura-de-sao-sebastiao-do-umbuzeiro-ira-realizar-festa-para-comemorar-o-dia-dos-pais","status":"publish","type":"post","link":"https:\/\/www.caririemacao.com\/1\/2018\/08\/09\/prefeitura-de-sao-sebastiao-do-umbuzeiro-ira-realizar-festa-para-comemorar-o-dia-dos-pais\/","title":{"rendered":"Prefeitura de S\u00e3o Sebasti\u00e3o do Umbuzeiro ir\u00e1 realizar festa para comemorar o dia dos pais"},"content":{"rendered":"<div class=\"&quot;MsoNormal&quot;\">A prefeitura Municipal de S\u00e3o Sebasti\u00e3o do Umbuzeiro ir\u00e1 realizar no pr\u00f3ximo s\u00e1bado dia 11 de agosto, uma grande festa alusiva para comemorar o Dia dos Pais.<\/div>\n<div class=\"&quot;MsoNormal&quot;\"><\/div>\n<div class=\"&quot;MsoNormal&quot;\">Haver\u00e1 entrega de brindes, Bingo de uma Moto e outros pr\u00eamios mais.<\/div>\n<div class=\"&quot;MsoNormal&quot;\"><\/div>\n<div class=\"&quot;MsoNormal&quot;\">E para animar os pais, o prefeito Adriano Wolff, preparou um grande show com Carlos e F\u00e1bio.<\/div>\n<div><\/div>\n<div><\/div>\n<div><strong>Ascom\/Foto:Reprodu\u00e7\u00e3o <\/strong><\/div>\n<div>\n<p>Cariri Em A\u00e7\u00e3o<\/p>\n<p>Leia mais not\u00edcias em\u00a0<a href=\"http:\/\/www.caririemacao.com\/\">caririemacao.com<\/a>, siga nossa p\u00e1gina no\u00a0<a href=\"https:\/\/www.facebook.com\/CaririEmAcao\/?ref=aymt_homepage_panel\">Facebook<\/a>,\u00a0<a href=\"https:\/\/www.instagram.com\/cariri_em_acao\/?hl=pt-br\">Instagram<\/a>\u00a0e\u00a0<a href=\"https:\/\/www.youtube.com\/channel\/UCAptA0jQuYQy8vMhLt2m4qg\">Youtube<\/a>\u00a0e veja nossas mat\u00e9rias, v\u00eddeos e fotos. Voc\u00ea tamb\u00e9m pode enviar informa\u00e7\u00f5es \u00e0 Reda\u00e7\u00e3o do Portal Cariri em A\u00e7\u00e3o pelo WhatsApp (83) 9 9634.5791, (83) 9 9601-1162.<\/p>\n<\/div>\n","protected":false},"excerpt":{"rendered":"<p>A prefeitura Municipal de S\u00e3o Sebasti\u00e3o do Umbuzeiro ir\u00e1 realizar no pr\u00f3ximo s\u00e1bado dia 11 de agosto, uma grande festa alusiva para comemorar o Dia&hellip; <\/p>\n","protected":false},"author":1,"featured_media":60723,"comment_status":"closed","ping_status":"closed","sticky":false,"template":"","format":"standard","meta":{"sfsi_plus_gutenberg_text_before_share":"","sfsi_plus_gutenberg_show_text_before_share":"","sfsi_plus_gutenberg_icon_type":"","sfsi_plus_gutenberg_icon_alignemt":"","sfsi_plus_gutenburg_max_per_row":"","footnotes":""},"categories":[2],"tags":[],"class_list":["post-60722","post","type-post","status-publish","format-standard","has-post-thumbnail","hentry","category-geral"],"_links":{"self":[{"href":"https:\/\/www.caririemacao.com\/1\/wp-json\/wp\/v2\/posts\/60722","targetHints":{"allow":["GET"]}}],"collection":[{"href":"https:\/\/www.caririemacao.com\/1\/wp-json\/wp\/v2\/posts"}],"about":[{"href":"https:\/\/www.caririemacao.com\/1\/wp-json\/wp\/v2\/types\/post"}],"author":[{"embeddable":true,"href":"https:\/\/www.caririemacao.com\/1\/wp-json\/wp\/v2\/users\/1"}],"replies":[{"embeddable":true,"href":"https:\/\/www.caririemacao.com\/1\/wp-json\/wp\/v2\/comments?post=60722"}],"version-history":[{"count":1,"href":"https:\/\/www.caririemacao.com\/1\/wp-json\/wp\/v2\/posts\/60722\/revisions"}],"predecessor-version":[{"id":60724,"href":"https:\/\/www.caririemacao.com\/1\/wp-json\/wp\/v2\/posts\/60722\/revisions\/60724"}],"wp:featuredmedia":[{"embeddable":true,"href":"https:\/\/www.caririemacao.com\/1\/wp-json\/wp\/v2\/media\/60723"}],"wp:attachment":[{"href":"https:\/\/www.caririemacao.com\/1\/wp-json\/wp\/v2\/media?parent=60722"}],"wp:term":[{"taxonomy":"category","embeddable":true,"href":"https:\/\/www.caririemacao.com\/1\/wp-json\/wp\/v2\/categories?post=60722"},{"taxonomy":"post_tag","embeddable":true,"href":"https:\/\/www.caririemacao.com\/1\/wp-json\/wp\/v2\/tags?post=60722"}],"curies":[{"name":"wp","href":"https:\/\/api.w.org\/{rel}","templated":true}]}}