{"id":60728,"date":"2018-08-09T15:00:52","date_gmt":"2018-08-09T18:00:52","guid":{"rendered":"http:\/\/caririemacao.com\/1\/?p=60728"},"modified":"2018-08-09T15:00:52","modified_gmt":"2018-08-09T18:00:52","slug":"presidente-do-stf-aumento-de-salario-nao-e-o-melhor-para-o-brasil","status":"publish","type":"post","link":"https:\/\/www.caririemacao.com\/1\/2018\/08\/09\/presidente-do-stf-aumento-de-salario-nao-e-o-melhor-para-o-brasil\/","title":{"rendered":"Presidente do STF: Aumento de sal\u00e1rio n\u00e3o \u00e9 o melhor para o Brasil"},"content":{"rendered":"<p>nesta quinta-feira (9) o resultado da vota\u00e7\u00e3o de ontem (8), em que os ministros do Supremo Tribunal Federal (STF) aprovaram o aumento de seus pr\u00f3prios sal\u00e1rios, a presidente da Corte, ministra C\u00e1rmen L\u00facia, disse n\u00e3o se envergonhar de ter sido vencida no tema, por estar convencida de que n\u00e3o era o melhor para o Brasil.<\/p>\n<p>\u201cPerco quase todo dia, ontem perdi, provavelmente hoje perco de novo em alguma vota\u00e7\u00e3o. Mas eu n\u00e3o queria estar ao lado dos vencedores\u201d, disse a ministra, que votou para que os sal\u00e1rios permanecessem em R$ 33,7 mil por pelo menos mais um ano.<\/p>\n<p>O reajuste dos sal\u00e1rios foi votado em sess\u00e3o administrativa na noite de quarta-feira (8), quando foi aprovada a inclus\u00e3o no or\u00e7amento do Poder Judici\u00e1rio de 2019, a ser encaminhado ao Congresso, o aumento de 16% nos vencimentos dos ministros, que poder\u00e3o chegar a R$ 39 mil.<\/p>\n<p>Votaram a favor do aumento os ministros Ricardo Lewandowski, Marco Aur\u00e9lio, Lu\u00eds Roberto Barroso, Gilmar Mendes, Dias Toffoli, Luiz Fux e Alexandre de Moraes. C\u00e1rmen L\u00facia votou contra o reajuste, assim como os ministros Rosa Weber, Edson Fachin e Celso de Mello.<\/p>\n<div id=\"attachment_99696\" class=\"wp-caption aligncenter\"><img decoding=\"async\" class=\"wp-image-99696 size-full lazyload\" data-src=\"https:\/\/paraibaonline.com.br\/wp-content\/uploads\/2016\/10\/carmen-lucia.jpg\" data-srcset=\"https:\/\/paraibaonline.com.br\/wp-content\/uploads\/2016\/10\/carmen-lucia.jpg 800w, https:\/\/paraibaonline.com.br\/wp-content\/uploads\/2016\/10\/carmen-lucia-556x417.jpg 556w\" alt=\"Foto: Jos\u00e9 Cruz\/Ag\u00eancia Brasil\" src=\"data:image\/svg+xml;base64,PHN2ZyB3aWR0aD0iMSIgaGVpZ2h0PSIxIiB4bWxucz0iaHR0cDovL3d3dy53My5vcmcvMjAwMC9zdmciPjwvc3ZnPg==\" \/><\/p>\n<p class=\"wp-caption-text\">Foto: Jos\u00e9 Cruz\/Ag\u00eancia Brasil<\/p>\n<\/div>\n<p>\u201cOs que venceram e como venceram n\u00e3o era o que eu queria mesmo, e continuo convencida de que n\u00e3o era o melhor para o Brasil\u201d, disse a presidente do STF.<\/p>\n<p>\u201c\u00c0s vezes lutamos muito, mas n\u00e3o ganhamos, mas o objetivo de lutar pelo Brasil e conviver com o diferente que muitas vezes vence faz parte da democracia\u201d, acrescentou.<\/p>\n<p>As declara\u00e7\u00f5es foram dadas durante um evento sobre os 30 anos da Constitui\u00e7\u00e3o, em uma universidade particular de Bras\u00edlia.<\/p>\n<p>Em sua fala, C\u00e1rmen L\u00facia fez um relato sobre a luta por direitos durante a ditadura militar, na qual houve sucessivas derrotas, mas que culminou com a vit\u00f3ria do atual texto constitucional.<\/p>\n<p>Participavam da mesa tamb\u00e9m a procuradora-geral da Rep\u00fablica, Raquel Dodge, o ministro dos Direitos Humanos, Gustavo do Vale Rocha, e a diretora-presidente da Ag\u00eancia Nacional das \u00c1guas (ANA), Christianne Dias.<\/p>\n<p>&nbsp;<\/p>\n<p><strong>Para\u00edba Online\/Foto: Reprodu\u00e7\u00e3o\u00a0<\/strong><\/p>\n<div class=\"td-main-content-wrap td-container-wrap\">\n<div class=\"td-container td-post-template-1 \">\n<div class=\"td-pb-row\">\n<div class=\"td-pb-span8 td-main-content\" role=\"main\">\n<div class=\"td-ss-main-content\">\n<p>Cariri Em A\u00e7\u00e3o<\/p>\n<p>Leia mais not\u00edcias em\u00a0<a href=\"http:\/\/www.caririemacao.com\/\">caririemacao.com<\/a>, siga nossa p\u00e1gina no\u00a0<a href=\"https:\/\/www.facebook.com\/CaririEmAcao\/?ref=aymt_homepage_panel\">Facebook<\/a>,\u00a0<a href=\"https:\/\/www.instagram.com\/cariri_em_acao\/?hl=pt-br\">Instagram<\/a>\u00a0e\u00a0<a href=\"https:\/\/www.youtube.com\/channel\/UCAptA0jQuYQy8vMhLt2m4qg\">Youtube<\/a>\u00a0e veja nossas mat\u00e9rias, v\u00eddeos e fotos. Voc\u00ea tamb\u00e9m pode enviar informa\u00e7\u00f5es \u00e0 Reda\u00e7\u00e3o do Portal Cariri em A\u00e7\u00e3o pelo WhatsApp (83) 9 9634.5791, (83) 9 9601-1162.<\/p>\n<\/div>\n<\/div>\n<\/div>\n<\/div>\n<\/div>\n","protected":false},"excerpt":{"rendered":"<p>nesta quinta-feira (9) o resultado da vota\u00e7\u00e3o de ontem (8), em que os ministros do Supremo Tribunal Federal (STF) aprovaram o aumento de seus pr\u00f3prios&hellip; <\/p>\n","protected":false},"author":1,"featured_media":47078,"comment_status":"closed","ping_status":"closed","sticky":false,"template":"","format":"standard","meta":{"sfsi_plus_gutenberg_text_before_share":"","sfsi_plus_gutenberg_show_text_before_share":"","sfsi_plus_gutenberg_icon_type":"","sfsi_plus_gutenberg_icon_alignemt":"","sfsi_plus_gutenburg_max_per_row":"","footnotes":""},"categories":[11],"tags":[],"class_list":["post-60728","post","type-post","status-publish","format-standard","has-post-thumbnail","hentry","category-politica"],"_links":{"self":[{"href":"https:\/\/www.caririemacao.com\/1\/wp-json\/wp\/v2\/posts\/60728","targetHints":{"allow":["GET"]}}],"collection":[{"href":"https:\/\/www.caririemacao.com\/1\/wp-json\/wp\/v2\/posts"}],"about":[{"href":"https:\/\/www.caririemacao.com\/1\/wp-json\/wp\/v2\/types\/post"}],"author":[{"embeddable":true,"href":"https:\/\/www.caririemacao.com\/1\/wp-json\/wp\/v2\/users\/1"}],"replies":[{"embeddable":true,"href":"https:\/\/www.caririemacao.com\/1\/wp-json\/wp\/v2\/comments?post=60728"}],"version-history":[{"count":1,"href":"https:\/\/www.caririemacao.com\/1\/wp-json\/wp\/v2\/posts\/60728\/revisions"}],"predecessor-version":[{"id":60729,"href":"https:\/\/www.caririemacao.com\/1\/wp-json\/wp\/v2\/posts\/60728\/revisions\/60729"}],"wp:featuredmedia":[{"embeddable":true,"href":"https:\/\/www.caririemacao.com\/1\/wp-json\/wp\/v2\/media\/47078"}],"wp:attachment":[{"href":"https:\/\/www.caririemacao.com\/1\/wp-json\/wp\/v2\/media?parent=60728"}],"wp:term":[{"taxonomy":"category","embeddable":true,"href":"https:\/\/www.caririemacao.com\/1\/wp-json\/wp\/v2\/categories?post=60728"},{"taxonomy":"post_tag","embeddable":true,"href":"https:\/\/www.caririemacao.com\/1\/wp-json\/wp\/v2\/tags?post=60728"}],"curies":[{"name":"wp","href":"https:\/\/api.w.org\/{rel}","templated":true}]}}