{"id":60730,"date":"2018-08-09T15:07:27","date_gmt":"2018-08-09T18:07:27","guid":{"rendered":"http:\/\/caririemacao.com\/1\/?p=60730"},"modified":"2018-08-09T15:07:27","modified_gmt":"2018-08-09T18:07:27","slug":"feirao-de-empregos-em-campina-grande-inscreve-ate-a-proxima-semana","status":"publish","type":"post","link":"https:\/\/www.caririemacao.com\/1\/2018\/08\/09\/feirao-de-empregos-em-campina-grande-inscreve-ate-a-proxima-semana\/","title":{"rendered":"Feir\u00e3o de Empregos em Campina Grande inscreve at\u00e9 a pr\u00f3xima semana"},"content":{"rendered":"<p>Termina no pr\u00f3ximo dia 17, no Sine Municipal de Campina Grande o per\u00edodo de pr\u00e9-inscri\u00e7\u00e3o para o Feir\u00e3o de Empregos que vai beneficiar trabalhadores que est\u00e3o \u00e0 procura de uma oportunidade no mercado de trabalho.<\/p>\n<p>O feir\u00e3o ser\u00e1 realizado nos dias 28, 29 e 30 de agosto, das 8h \u00e0s 12h, no Sine localizado nas depend\u00eancias do Museu Vivo da Ci\u00eancia.<\/p>\n<p>As inscri\u00e7\u00f5es est\u00e3o sendo realizadas das 8h \u00e0s 12h, de segunda a sexta-feira. O interessado deve apresentar os seguintes documentos: Carteira de Identidade, CPF, comprovante de resid\u00eancia e Curr\u00edculo.<\/p>\n<div id=\"attachment_82254\" class=\"wp-caption aligncenter\"><img decoding=\"async\" class=\"wp-image-82254 size-full lazyload\" data-src=\"https:\/\/paraibaonline.com.br\/wp-content\/uploads\/2016\/07\/desemprego.jpeg\" data-srcset=\"https:\/\/paraibaonline.com.br\/wp-content\/uploads\/2016\/07\/desemprego.jpeg 800w, https:\/\/paraibaonline.com.br\/wp-content\/uploads\/2016\/07\/desemprego-556x417.jpeg 556w\" alt=\"Foto: Ag\u00eancia Brasil\" src=\"data:image\/svg+xml;base64,PHN2ZyB3aWR0aD0iMSIgaGVpZ2h0PSIxIiB4bWxucz0iaHR0cDovL3d3dy53My5vcmcvMjAwMC9zdmciPjwvc3ZnPg==\" \/><\/p>\n<p class=\"wp-caption-text\">Foto ilustrativa<\/p>\n<\/div>\n<p>Participar\u00e3o do feir\u00e3o 1.500 trabalhadores que tenham efetuado suas inscri\u00e7\u00f5es. Haver\u00e1 um agendamento para o atendimento nos tr\u00eas dias de realiza\u00e7\u00e3o do Feir\u00e3o de Empregos.<\/p>\n<p>O coordenador do Sine, H\u00e9rcules Lafite, informa ainda que durante o feir\u00e3o v\u00e3o ser ministrados minicursos de capacita\u00e7\u00e3o. Ele acrescenta que o Feir\u00e3o de Empregos \u00e9 o resultado de uma parceria com o Programa Mais Empregos que n\u00e3o tem v\u00ednculo governamental.<\/p>\n<p>Os n\u00fameros do Programa Mais Empregos no Brasil: Mais de 100 mil pessoas j\u00e1 foram encaminhadas para o mercado de trabalho; Mais de tr\u00eas mil grandes empresas realizam parceria com o Programa Mais Emprego na busca de talentos; Mais de 45 mil vagas j\u00e1 foram divulgadas no programa.<\/p>\n<p>&nbsp;<\/p>\n<p><strong>Para\u00edba Online\/Foto:Reprodu\u00e7\u00e3o\u00a0<\/strong><\/p>\n<p>Cariri Em A\u00e7\u00e3o<\/p>\n<p>Leia mais not\u00edcias em\u00a0<a href=\"http:\/\/www.caririemacao.com\/\">caririemacao.com<\/a>, siga nossa p\u00e1gina no\u00a0<a href=\"https:\/\/www.facebook.com\/CaririEmAcao\/?ref=aymt_homepage_panel\">Facebook<\/a>,\u00a0<a href=\"https:\/\/www.instagram.com\/cariri_em_acao\/?hl=pt-br\">Instagram<\/a>\u00a0e\u00a0<a href=\"https:\/\/www.youtube.com\/channel\/UCAptA0jQuYQy8vMhLt2m4qg\">Youtube<\/a>\u00a0e veja nossas mat\u00e9rias, v\u00eddeos e fotos. Voc\u00ea tamb\u00e9m pode enviar informa\u00e7\u00f5es \u00e0 Reda\u00e7\u00e3o do Portal Cariri em A\u00e7\u00e3o pelo WhatsApp (83) 9 9634.5791, (83) 9 9601-1162.<\/p>\n","protected":false},"excerpt":{"rendered":"<p>Termina no pr\u00f3ximo dia 17, no Sine Municipal de Campina Grande o per\u00edodo de pr\u00e9-inscri\u00e7\u00e3o para o Feir\u00e3o de Empregos que vai beneficiar trabalhadores que&hellip; <\/p>\n","protected":false},"author":1,"featured_media":60214,"comment_status":"closed","ping_status":"closed","sticky":false,"template":"","format":"standard","meta":{"sfsi_plus_gutenberg_text_before_share":"","sfsi_plus_gutenberg_show_text_before_share":"","sfsi_plus_gutenberg_icon_type":"","sfsi_plus_gutenberg_icon_alignemt":"","sfsi_plus_gutenburg_max_per_row":"","footnotes":""},"categories":[2],"tags":[],"class_list":["post-60730","post","type-post","status-publish","format-standard","has-post-thumbnail","hentry","category-geral"],"_links":{"self":[{"href":"https:\/\/www.caririemacao.com\/1\/wp-json\/wp\/v2\/posts\/60730","targetHints":{"allow":["GET"]}}],"collection":[{"href":"https:\/\/www.caririemacao.com\/1\/wp-json\/wp\/v2\/posts"}],"about":[{"href":"https:\/\/www.caririemacao.com\/1\/wp-json\/wp\/v2\/types\/post"}],"author":[{"embeddable":true,"href":"https:\/\/www.caririemacao.com\/1\/wp-json\/wp\/v2\/users\/1"}],"replies":[{"embeddable":true,"href":"https:\/\/www.caririemacao.com\/1\/wp-json\/wp\/v2\/comments?post=60730"}],"version-history":[{"count":1,"href":"https:\/\/www.caririemacao.com\/1\/wp-json\/wp\/v2\/posts\/60730\/revisions"}],"predecessor-version":[{"id":60731,"href":"https:\/\/www.caririemacao.com\/1\/wp-json\/wp\/v2\/posts\/60730\/revisions\/60731"}],"wp:featuredmedia":[{"embeddable":true,"href":"https:\/\/www.caririemacao.com\/1\/wp-json\/wp\/v2\/media\/60214"}],"wp:attachment":[{"href":"https:\/\/www.caririemacao.com\/1\/wp-json\/wp\/v2\/media?parent=60730"}],"wp:term":[{"taxonomy":"category","embeddable":true,"href":"https:\/\/www.caririemacao.com\/1\/wp-json\/wp\/v2\/categories?post=60730"},{"taxonomy":"post_tag","embeddable":true,"href":"https:\/\/www.caririemacao.com\/1\/wp-json\/wp\/v2\/tags?post=60730"}],"curies":[{"name":"wp","href":"https:\/\/api.w.org\/{rel}","templated":true}]}}