{"id":60732,"date":"2018-08-09T15:11:58","date_gmt":"2018-08-09T18:11:58","guid":{"rendered":"http:\/\/caririemacao.com\/1\/?p=60732"},"modified":"2018-08-09T15:11:58","modified_gmt":"2018-08-09T18:11:58","slug":"gilberto-gil-depoe-a-moro-e-diz-desconhecer-atos-ilicitos-de-lula","status":"publish","type":"post","link":"https:\/\/www.caririemacao.com\/1\/2018\/08\/09\/gilberto-gil-depoe-a-moro-e-diz-desconhecer-atos-ilicitos-de-lula\/","title":{"rendered":"Gilberto Gil dep\u00f5e a Moro e diz desconhecer atos il\u00edcitos de Lula"},"content":{"rendered":"<p>O cantor Gilberto Gil, ministro da Cultura do ex-presidente Luiz In\u00e1cio Lula da Silva (PT) de 2003 a 2008, nega ter tido conhecimento de qualquer ato il\u00edcito envolvendo o petista quando ocupava o cargo.<\/p>\n<p>Ele prestou depoimento ao juiz Sergio Moro, na manh\u00e3 desta quinta-feira (9), como testemunha de defesa de Lula na a\u00e7\u00e3o que envolve o s\u00edtio de Atibaia (SP).<\/p>\n<p>Questionado pelo advogado do ex-presidente, Cristiano Zanin, se tinha contato permanente com Lula quando ministro, Gil respondeu que sim. Perguntado se chegou ao seu conhecimento que o petista teria solicitado ou recebido vantagens indevidas, o artista disse que n\u00e3o.<\/p>\n<p>Gil tamb\u00e9m afirmou desconhecer benef\u00edcios concedidos \u00e0s empresas Odebrecht e OAS em troca de reformas no s\u00edtio de Atibaia, objeto da a\u00e7\u00e3o penal.<\/p>\n<p>Em seguida, Moro perguntou se o m\u00fasico tinha conhecimento de envolvimento dos ex-ministros Jos\u00e9 Dirceu e Ant\u00f4nio Palocci e do marqueteiro Jo\u00e3o Santana em esquemas de corrup\u00e7\u00e3o e lavagem de dinheiro. Todos foram condenados em primeira inst\u00e2ncia na Lava Jato. Gil respondeu que n\u00e3o.<\/p>\n<p>\u201cTem conhecimento de que Palocci e Jo\u00e3o Santana s\u00e3o confessos em rela\u00e7\u00e3o \u00e0 pr\u00e1tica de crimes de corrup\u00e7\u00e3o e lavagem de dinheiro?\u201d, questionou o juiz.<\/p>\n<p>\u201cTenho ouvido not\u00edcias a respeito\u201d, disse o artista. \u201cMas na \u00e9poca n\u00e3o tinha conhecimento?\u201d, prosseguiu Moro. \u201cN\u00e3o\u201d, Gil respondeu.<\/p>\n<p>A\u00c7\u00c3O PENAL<br \/>\nEsta a\u00e7\u00e3o penal investiga se Lula se beneficiou de R$ 1,02 milh\u00e3o em benfeitorias no s\u00edtio de Atibaia (SP), que teriam sido pagas pelas construtoras Odebrecht e OAS.<\/p>\n<p>O Minist\u00e9rio P\u00fablico Federal acusa o petista de ser o verdadeiro dono do im\u00f3vel, registrado no nome dos empres\u00e1rios Fernando Bittar e Jonas Suassuna. O ex-presidente nega todas as acusa\u00e7\u00f5es.<\/p>\n<p>A partir do dia 27 de agosto, os r\u00e9us ser\u00e3o interrogados. O interrogat\u00f3rio de Lula est\u00e1 marcado para o dia 11 de setembro, presencialmente.<\/p>\n<p>&nbsp;<\/p>\n<p><strong>Para\u00edba Online\/Foto: Reprodu\u00e7\u00e3o\u00a0<\/strong><\/p>\n<p>Cariri Em A\u00e7\u00e3o<\/p>\n<p>Leia mais not\u00edcias em\u00a0<a href=\"http:\/\/www.caririemacao.com\/\">caririemacao.com<\/a>, siga nossa p\u00e1gina no\u00a0<a href=\"https:\/\/www.facebook.com\/CaririEmAcao\/?ref=aymt_homepage_panel\">Facebook<\/a>,\u00a0<a href=\"https:\/\/www.instagram.com\/cariri_em_acao\/?hl=pt-br\">Instagram<\/a>\u00a0e\u00a0<a href=\"https:\/\/www.youtube.com\/channel\/UCAptA0jQuYQy8vMhLt2m4qg\">Youtube<\/a>\u00a0e veja nossas mat\u00e9rias, v\u00eddeos e fotos. Voc\u00ea tamb\u00e9m pode enviar informa\u00e7\u00f5es \u00e0 Reda\u00e7\u00e3o do Portal Cariri em A\u00e7\u00e3o pelo WhatsApp (83) 9 9634.5791, (83) 9 9601-1162.<\/p>\n","protected":false},"excerpt":{"rendered":"<p>O cantor Gilberto Gil, ministro da Cultura do ex-presidente Luiz In\u00e1cio Lula da Silva (PT) de 2003 a 2008, nega ter tido conhecimento de qualquer&hellip; <\/p>\n","protected":false},"author":1,"featured_media":59116,"comment_status":"closed","ping_status":"closed","sticky":false,"template":"","format":"standard","meta":{"sfsi_plus_gutenberg_text_before_share":"","sfsi_plus_gutenberg_show_text_before_share":"","sfsi_plus_gutenberg_icon_type":"","sfsi_plus_gutenberg_icon_alignemt":"","sfsi_plus_gutenburg_max_per_row":"","footnotes":""},"categories":[11],"tags":[],"class_list":["post-60732","post","type-post","status-publish","format-standard","has-post-thumbnail","hentry","category-politica"],"_links":{"self":[{"href":"https:\/\/www.caririemacao.com\/1\/wp-json\/wp\/v2\/posts\/60732","targetHints":{"allow":["GET"]}}],"collection":[{"href":"https:\/\/www.caririemacao.com\/1\/wp-json\/wp\/v2\/posts"}],"about":[{"href":"https:\/\/www.caririemacao.com\/1\/wp-json\/wp\/v2\/types\/post"}],"author":[{"embeddable":true,"href":"https:\/\/www.caririemacao.com\/1\/wp-json\/wp\/v2\/users\/1"}],"replies":[{"embeddable":true,"href":"https:\/\/www.caririemacao.com\/1\/wp-json\/wp\/v2\/comments?post=60732"}],"version-history":[{"count":1,"href":"https:\/\/www.caririemacao.com\/1\/wp-json\/wp\/v2\/posts\/60732\/revisions"}],"predecessor-version":[{"id":60733,"href":"https:\/\/www.caririemacao.com\/1\/wp-json\/wp\/v2\/posts\/60732\/revisions\/60733"}],"wp:featuredmedia":[{"embeddable":true,"href":"https:\/\/www.caririemacao.com\/1\/wp-json\/wp\/v2\/media\/59116"}],"wp:attachment":[{"href":"https:\/\/www.caririemacao.com\/1\/wp-json\/wp\/v2\/media?parent=60732"}],"wp:term":[{"taxonomy":"category","embeddable":true,"href":"https:\/\/www.caririemacao.com\/1\/wp-json\/wp\/v2\/categories?post=60732"},{"taxonomy":"post_tag","embeddable":true,"href":"https:\/\/www.caririemacao.com\/1\/wp-json\/wp\/v2\/tags?post=60732"}],"curies":[{"name":"wp","href":"https:\/\/api.w.org\/{rel}","templated":true}]}}