{"id":60737,"date":"2018-08-09T15:59:21","date_gmt":"2018-08-09T18:59:21","guid":{"rendered":"http:\/\/caririemacao.com\/1\/?p=60737"},"modified":"2018-08-09T16:00:34","modified_gmt":"2018-08-09T19:00:34","slug":"acude-epitacio-pessoaem-boqueirao-perde-31-de-agua-mas-cagepa-descarta-racionamento","status":"publish","type":"post","link":"https:\/\/www.caririemacao.com\/1\/2018\/08\/09\/acude-epitacio-pessoaem-boqueirao-perde-31-de-agua-mas-cagepa-descarta-racionamento\/","title":{"rendered":"A\u00e7ude Epit\u00e1cio Pessoaem Boqueir\u00e3o perde 31% de \u00e1gua, mas Cagepa descarta racionamento"},"content":{"rendered":"<p>O a\u00e7ude Epit\u00e1cio Pessoa, mais conhecido como Boqueir\u00e3o, segue perdendo \u00e1gua e chegou, nesta quarta-feira (08), a 31,12%, que \u00e9 equivalente a \u00a0128,13 m\u00b3 do seu volume total. O bombeamento de \u00e1gua do eixo leste da transposi\u00e7\u00e3o do S\u00e3o Francisco para o a\u00e7ude est\u00e1 suspenso\u00a0desde maio deste ano, devido \u00e0 continuidade de obras nas cidades de Po\u00e7\u00f5es e Camala\u00fa, que est\u00e3o atrasadas.<\/p>\n<p>A situa\u00e7\u00e3o preocupa o vereador M\u00e1rcio Melo Rodrigues, que \u00e9 vice-presidente da C\u00e2mara Municipal de Campina Grande, e moradores da regi\u00e3o, que temem a possibilidade do racionamento voltar.\u00a0M\u00e1rcio destacou que as comportas de Boqueir\u00e3o ainda continuam abertas, agravando o quadro. \u201cN\u00e3o somos contra abastecer outros munic\u00edpios com as \u00e1guas e Boqueir\u00e3o, mas que as autoridades se movimentem para solucionar a quest\u00e3o com a m\u00e1xima rapidez\u201d, disse.<\/p>\n<p>Por\u00e9m, segundo Ronaldo Menezes, gerente da Companhia de \u00c1gua e Esgotos da Para\u00edba (Cagepa), por enquanto n\u00e3o h\u00e1 risco. \u201cPara que haja racionamento, \u00e9 necess\u00e1rio que a Ag\u00eancia Nacional das \u00c1guas (ANA) reduza o valor autorizado da vaz\u00e3o a ser retirado do a\u00e7ude Boqueir\u00e3o por parte da Cagepa.\u00a0N\u00e3o houve nenhuma modifica\u00e7\u00e3o na \u00faltima resolu\u00e7\u00e3o, ou seja, seguimos o abastecimento sem racionamento\u201d, explicou.<\/p>\n<p>O a\u00e7ude de Boqueir\u00e3o abastece Campina Grande e mais 18 cidades e depende da chuva para continuidade de abastecimento. A qualidade da \u00e1gua chegou a ser questionada ap\u00f3s\u00a0consumidores sentirem cheiro e gosto, mas\u00a0an\u00e1lises laboratoriais\u00a0confirmaram que n\u00e3o h\u00e1 problemas.<\/p>\n<p><strong>Obras atrasadas<\/strong><\/p>\n<p>De acordo com Jo\u00e3o Fernandes, presidente da Ag\u00eancia Executiva de Gest\u00e3o das \u00c1guas da Para\u00edba, as obras nas cidades de Po\u00e7\u00f5es e Camala\u00fa j\u00e1 eram para ter sido entregues, pois o prazo estava previsto para o dia 2 de agosto. Na tarde desta quarta (08), o\u00a0Minist\u00e9rio P\u00fablico Federal divulgou um novo prazo para a finaliza\u00e7\u00e3o das obras, estipulando o dia 30 de setembro.<\/p>\n<p>&nbsp;<\/p>\n<p><strong>Vitrine do Cariri\/Foto:Reprodu\u00e7\u00e3o\u00a0<\/strong><\/p>\n<p>Cariri Em A\u00e7\u00e3o<\/p>\n<p>Leia mais not\u00edcias em\u00a0<a href=\"http:\/\/www.caririemacao.com\/\">caririemacao.com<\/a>, siga nossa p\u00e1gina no\u00a0<a href=\"https:\/\/www.facebook.com\/CaririEmAcao\/?ref=aymt_homepage_panel\">Facebook<\/a>,\u00a0<a href=\"https:\/\/www.instagram.com\/cariri_em_acao\/?hl=pt-br\">Instagram<\/a>\u00a0e\u00a0<a href=\"https:\/\/www.youtube.com\/channel\/UCAptA0jQuYQy8vMhLt2m4qg\">Youtube<\/a>\u00a0e veja nossas mat\u00e9rias, v\u00eddeos e fotos. Voc\u00ea tamb\u00e9m pode enviar informa\u00e7\u00f5es \u00e0 Reda\u00e7\u00e3o do Portal Cariri em A\u00e7\u00e3o pelo WhatsApp (83) 9 9634.5791, (83) 9 9601-1162.<\/p>\n","protected":false},"excerpt":{"rendered":"<p>O a\u00e7ude Epit\u00e1cio Pessoa, mais conhecido como Boqueir\u00e3o, segue perdendo \u00e1gua e chegou, nesta quarta-feira (08), a 31,12%, que \u00e9 equivalente a \u00a0128,13 m\u00b3 do&hellip; <\/p>\n","protected":false},"author":1,"featured_media":60739,"comment_status":"closed","ping_status":"closed","sticky":false,"template":"","format":"standard","meta":{"sfsi_plus_gutenberg_text_before_share":"","sfsi_plus_gutenberg_show_text_before_share":"","sfsi_plus_gutenberg_icon_type":"","sfsi_plus_gutenberg_icon_alignemt":"","sfsi_plus_gutenburg_max_per_row":"","footnotes":""},"categories":[6],"tags":[],"class_list":["post-60737","post","type-post","status-publish","format-standard","has-post-thumbnail","hentry","category-cidades"],"_links":{"self":[{"href":"https:\/\/www.caririemacao.com\/1\/wp-json\/wp\/v2\/posts\/60737","targetHints":{"allow":["GET"]}}],"collection":[{"href":"https:\/\/www.caririemacao.com\/1\/wp-json\/wp\/v2\/posts"}],"about":[{"href":"https:\/\/www.caririemacao.com\/1\/wp-json\/wp\/v2\/types\/post"}],"author":[{"embeddable":true,"href":"https:\/\/www.caririemacao.com\/1\/wp-json\/wp\/v2\/users\/1"}],"replies":[{"embeddable":true,"href":"https:\/\/www.caririemacao.com\/1\/wp-json\/wp\/v2\/comments?post=60737"}],"version-history":[{"count":1,"href":"https:\/\/www.caririemacao.com\/1\/wp-json\/wp\/v2\/posts\/60737\/revisions"}],"predecessor-version":[{"id":60738,"href":"https:\/\/www.caririemacao.com\/1\/wp-json\/wp\/v2\/posts\/60737\/revisions\/60738"}],"wp:featuredmedia":[{"embeddable":true,"href":"https:\/\/www.caririemacao.com\/1\/wp-json\/wp\/v2\/media\/60739"}],"wp:attachment":[{"href":"https:\/\/www.caririemacao.com\/1\/wp-json\/wp\/v2\/media?parent=60737"}],"wp:term":[{"taxonomy":"category","embeddable":true,"href":"https:\/\/www.caririemacao.com\/1\/wp-json\/wp\/v2\/categories?post=60737"},{"taxonomy":"post_tag","embeddable":true,"href":"https:\/\/www.caririemacao.com\/1\/wp-json\/wp\/v2\/tags?post=60737"}],"curies":[{"name":"wp","href":"https:\/\/api.w.org\/{rel}","templated":true}]}}