{"id":60740,"date":"2018-08-09T16:09:20","date_gmt":"2018-08-09T19:09:20","guid":{"rendered":"http:\/\/caririemacao.com\/1\/?p=60740"},"modified":"2018-08-09T16:09:20","modified_gmt":"2018-08-09T19:09:20","slug":"facebook-inicia-registro-a-candidatos-e-partidos-para-publicar-anuncios","status":"publish","type":"post","link":"https:\/\/www.caririemacao.com\/1\/2018\/08\/09\/facebook-inicia-registro-a-candidatos-e-partidos-para-publicar-anuncios\/","title":{"rendered":"Facebook inicia registro a candidatos e partidos para publicar an\u00fancios"},"content":{"rendered":"<p>O Facebook abriu o processo de registro para candidatos e partidos que v\u00e3o divulgar propaganda eleitoral pela plataforma.<\/p>\n<p>O cadastro \u00e9 obrigat\u00f3rio para o concorrente ou legenda que quiser lan\u00e7ar m\u00e3o deste tipo de publica\u00e7\u00e3o paga na rede social durante as elei\u00e7\u00f5es. A exig\u00eancia foi estabelecida pelo Tribunal Superior Eleitoral (TSE) em resolu\u00e7\u00e3o sobre o pleito deste ano.<\/p>\n<p>A inscri\u00e7\u00e3o pode ser feita por meio de um formul\u00e1rio espec\u00edfico disponibilizado no site da rede social. Esses an\u00fancios ser\u00e3o identificados nas linhas do tempo dos usu\u00e1rios da plataforma como \u201cpropaganda eleitoral\u201d.<\/p>\n<p>Aqueles publicados por candidatos v\u00e3o mostrar o CPF dele, bem como a legenda \u00e0 qual \u00e9 filiado. J\u00e1 os an\u00fancios de partidos v\u00e3o conter o CNPJ da agremia\u00e7\u00e3o.<\/p>\n<p>Segundo a legisla\u00e7\u00e3o eleitoral, apenas esses dois atores podem impulsionar conte\u00fados no pleito de outubro. As publica\u00e7\u00f5es com essas informa\u00e7\u00f5es ser\u00e3o disponibilizadas a partir do dia 16 de agosto.<\/p>\n<p>Este ser\u00e1 o primeiro ano em que a divulga\u00e7\u00e3o deste tipo de an\u00fancio ser\u00e1 permitida. Ela foi inclu\u00edda na legisla\u00e7\u00e3o eleitoral por meio da lei que ficou conhecida como Minireforma Eleitoral (Lei 13.488\/2017), aprovada no ano passado.<\/p>\n<p>A norma previu as modalidades de impulsionamento de conte\u00fado (praticadas pelo Facebook, por exemplo) e de prioriza\u00e7\u00e3o paga de conte\u00fados em mecanismos de busca (adotada pelo Google, por exemplo).<\/p>\n<div id=\"attachment_485435\" class=\"wp-caption aligncenter\"><img decoding=\"async\" class=\"wp-image-485435 size-full lazyload\" data-src=\"https:\/\/paraibaonline.com.br\/wp-content\/uploads\/2018\/08\/facebook.jpg\" data-srcset=\"https:\/\/paraibaonline.com.br\/wp-content\/uploads\/2018\/08\/facebook.jpg 1024w, https:\/\/paraibaonline.com.br\/wp-content\/uploads\/2018\/08\/facebook-567x378.jpg 567w, https:\/\/paraibaonline.com.br\/wp-content\/uploads\/2018\/08\/facebook-900x600.jpg 900w\" alt=\"Foto: Ag\u00eancia Brasil\" src=\"data:image\/svg+xml;base64,PHN2ZyB3aWR0aD0iMSIgaGVpZ2h0PSIxIiB4bWxucz0iaHR0cDovL3d3dy53My5vcmcvMjAwMC9zdmciPjwvc3ZnPg==\" \/><\/p>\n<p class=\"wp-caption-text\">Foto: Ag\u00eancia Brasil<\/p>\n<\/div>\n<p>O Tribunal Superior Eleitoral (TSE) aprovou uma resolu\u00e7\u00e3o (23.551\/2017) detalhando as regras do pleito eleitoral. A norma estabelece a obrigatoriedade de propaganda eleitoral paga na Internet estar identificada como tal.<\/p>\n<p>A cria\u00e7\u00e3o de selos (como no caso do Facebook) ou outras marcas, portanto, \u00e9 uma obriga\u00e7\u00e3o legal para que as mensagens sejam divulgadas. O TSE tamb\u00e9m definiu a necessidade das publica\u00e7\u00f5es trazerem as informa\u00e7\u00f5es sobre o candidato ou partido.<\/p>\n<p>Outras ferramentas<br \/>\nOutra ferramenta a ser disponibilizada \u00e9 a que a empresa est\u00e1 chamando de \u201cbiblioteca de an\u00fancios\u201d. Nela, os usu\u00e1rios poder\u00e3o ver posts pagos relacionados a pol\u00edtica, incluindo propaganda eleitoral. Este reposit\u00f3rio vai reunir tanto as publica\u00e7\u00f5es impulsionadas ativas quanto as que j\u00e1 foram divulgadas, permitindo que o eleitor possa verificar quais s\u00e3o as mensagens difundidas por seu candidato ou por concorrentes.<\/p>\n<p>Este mecanismo tem por objetivo dialogar com preocupa\u00e7\u00f5es manifestadas por diversos agentes da sociedade civil em eventos sobre internet e elei\u00e7\u00f5es acerca dos riscos da publicidade paga no Facebook, o que permitiria segmentar, ou quase personalizar, mensagens dos candidatos.<\/p>\n<p>Assim, abriria espa\u00e7o para que um pol\u00edtico falasse algo espec\u00edfico para um determinado p\u00fablico e, para outro grupo segmentado, um conte\u00fado diferente, ou at\u00e9 mesmo contradit\u00f3rio.<\/p>\n<p>No comunicado emitido pela empresa, tamb\u00e9m foram anunciadas outras ferramentas j\u00e1 adotadas em processos eleitorais em outros pa\u00edses e que ser\u00e3o aplicadas no Brasil neste ano.<\/p>\n<p>Uma delas ser\u00e1 a aba \u201ctemas\u201d, na qual estar\u00e3o publicados conte\u00fados dos candidatos sobre diferentes assuntos, como sa\u00fade, educa\u00e7\u00e3o e seguran\u00e7a.<\/p>\n<p>Al\u00e9m disso, ser\u00e3o enviados lembretes aos eleitores. Em maio, uma mensagem foi encaminhada reiterando o prazo para o registro na Justi\u00e7a Eleitoral para participar do pleito.<\/p>\n<p>Em outros pa\u00edses, como nos Estados Unidos, os lembretes foram usados nos dias de vota\u00e7\u00e3o. Contudo, este mecanismo tamb\u00e9m foi alvo de questionamentos, uma vez que seu uso para determinados p\u00fablicos pode refor\u00e7ar a participa\u00e7\u00e3o de eleitores de um determinado candidato em detrimento de outro.<\/p>\n<p>Os usu\u00e1rios tamb\u00e9m ver\u00e3o um \u201cbot\u00e3o de cidad\u00e3os informados\u201d (informed voter button), com link para autoridades eleitorais (como os tribunais eleitorais). Ap\u00f3s as elei\u00e7\u00f5es, usu\u00e1rios poder\u00e3o tamb\u00e9m seguir, localizar e contatar os representantes eleitos. O recurso ganhou o nome Town Hall, termo usado em ingl\u00eas para designar prefeituras.<\/p>\n<p>&nbsp;<\/p>\n<p><strong>Para\u00edba Online\/Foto:Reprodu\u00e7\u00e3o\u00a0<\/strong><\/p>\n<p>Cariri Em A\u00e7\u00e3o<\/p>\n<p>Leia mais not\u00edcias em\u00a0<a href=\"http:\/\/www.caririemacao.com\/\">caririemacao.com<\/a>, siga nossa p\u00e1gina no\u00a0<a href=\"https:\/\/www.facebook.com\/CaririEmAcao\/?ref=aymt_homepage_panel\">Facebook<\/a>,\u00a0<a href=\"https:\/\/www.instagram.com\/cariri_em_acao\/?hl=pt-br\">Instagram<\/a>\u00a0e\u00a0<a href=\"https:\/\/www.youtube.com\/channel\/UCAptA0jQuYQy8vMhLt2m4qg\">Youtube<\/a>\u00a0e veja nossas mat\u00e9rias, v\u00eddeos e fotos. Voc\u00ea tamb\u00e9m pode enviar informa\u00e7\u00f5es \u00e0 Reda\u00e7\u00e3o do Portal Cariri em A\u00e7\u00e3o pelo WhatsApp (83) 9 9634.5791, (83) 9 9601-1162.<\/p>\n","protected":false},"excerpt":{"rendered":"<p>O Facebook abriu o processo de registro para candidatos e partidos que v\u00e3o divulgar propaganda eleitoral pela plataforma. O cadastro \u00e9 obrigat\u00f3rio para o concorrente&hellip; <\/p>\n","protected":false},"author":1,"featured_media":60741,"comment_status":"closed","ping_status":"closed","sticky":false,"template":"","format":"standard","meta":{"sfsi_plus_gutenberg_text_before_share":"","sfsi_plus_gutenberg_show_text_before_share":"","sfsi_plus_gutenberg_icon_type":"","sfsi_plus_gutenberg_icon_alignemt":"","sfsi_plus_gutenburg_max_per_row":"","footnotes":""},"categories":[11],"tags":[],"class_list":["post-60740","post","type-post","status-publish","format-standard","has-post-thumbnail","hentry","category-politica"],"_links":{"self":[{"href":"https:\/\/www.caririemacao.com\/1\/wp-json\/wp\/v2\/posts\/60740","targetHints":{"allow":["GET"]}}],"collection":[{"href":"https:\/\/www.caririemacao.com\/1\/wp-json\/wp\/v2\/posts"}],"about":[{"href":"https:\/\/www.caririemacao.com\/1\/wp-json\/wp\/v2\/types\/post"}],"author":[{"embeddable":true,"href":"https:\/\/www.caririemacao.com\/1\/wp-json\/wp\/v2\/users\/1"}],"replies":[{"embeddable":true,"href":"https:\/\/www.caririemacao.com\/1\/wp-json\/wp\/v2\/comments?post=60740"}],"version-history":[{"count":1,"href":"https:\/\/www.caririemacao.com\/1\/wp-json\/wp\/v2\/posts\/60740\/revisions"}],"predecessor-version":[{"id":60742,"href":"https:\/\/www.caririemacao.com\/1\/wp-json\/wp\/v2\/posts\/60740\/revisions\/60742"}],"wp:featuredmedia":[{"embeddable":true,"href":"https:\/\/www.caririemacao.com\/1\/wp-json\/wp\/v2\/media\/60741"}],"wp:attachment":[{"href":"https:\/\/www.caririemacao.com\/1\/wp-json\/wp\/v2\/media?parent=60740"}],"wp:term":[{"taxonomy":"category","embeddable":true,"href":"https:\/\/www.caririemacao.com\/1\/wp-json\/wp\/v2\/categories?post=60740"},{"taxonomy":"post_tag","embeddable":true,"href":"https:\/\/www.caririemacao.com\/1\/wp-json\/wp\/v2\/tags?post=60740"}],"curies":[{"name":"wp","href":"https:\/\/api.w.org\/{rel}","templated":true}]}}