{"id":60750,"date":"2018-08-09T17:25:11","date_gmt":"2018-08-09T20:25:11","guid":{"rendered":"http:\/\/caririemacao.com\/1\/?p=60750"},"modified":"2018-08-09T17:25:11","modified_gmt":"2018-08-09T20:25:11","slug":"brasil-tem-mais-de-600-casos-de-violencia-domestica-por-dia-em-2017","status":"publish","type":"post","link":"https:\/\/www.caririemacao.com\/1\/2018\/08\/09\/brasil-tem-mais-de-600-casos-de-violencia-domestica-por-dia-em-2017\/","title":{"rendered":"Brasil tem mais de 600 casos de viol\u00eancia dom\u00e9stica por dia em 2017"},"content":{"rendered":"<div class=\"mc-column content-text active-extra-styles active-capital-letter\" data-block-type=\"unstyled\" data-block-weight=\"41\" data-block-id=\"2\">\n<p data-track-category=\"Link no Texto\" data-track-links=\"\">O 12\u00ba Anu\u00e1rio Brasileiro de Seguran\u00e7a P\u00fablica revelou nesta segunda-feira (9) que em 2017 o Brasil teve 221.238 registros de viol\u00eancia dom\u00e9stica, o que significa 606 casos por dia. S\u00e3o registros de les\u00e3o corporal dolosa enquadrados na Lei Maria da Penha.<\/p>\n<p class=\"content-text__container theme-color-primary-first-letter\" data-track-category=\"Link no Texto\" data-track-links=\"\">\u00c9 a primeira vez que o F\u00f3rum Brasileiro de Seguran\u00e7a P\u00fablica tabula esses dados. De acordo com o anu\u00e1rio,Os n\u00fameros de viol\u00eancia contra a mulher devem ser ainda maiores, j\u00e1 que Distrito Federal, Esp\u00edrito Santo, Tocantins, Mato Grosso e Roraima n\u00e3o informaram os dados. As piores taxas est\u00e3o em Santa Catarina, com 225,9 casos a cada 100 mil habitantes, seguida por Mato Grosso do Sul (207,6) e Rond\u00f4nia (204,9).<\/p>\n<\/div>\n<div class=\"wall\">\n<div class=\"mc-column content-text active-extra-styles \" data-block-type=\"unstyled\" data-block-weight=\"51\" data-block-id=\"6\">\n<p class=\"content-text__container \" data-track-category=\"Link no Texto\" data-track-links=\"\">\u201cA gente n\u00e3o pode deixar de lado o debate sobre viol\u00eancia de g\u00eanero. A viol\u00eancia contra a mulher continua sendo um tema central pra gente debater inclusive desenvolvimento. Com esses \u00edndices n\u00e3o d\u00e1 para pensar em ser um pa\u00eds desenvolvido de fato. \u00c9 muito alto\u201d, disse Samira Bueno, diretora-executiva do F\u00f3rum.<\/p>\n<\/div>\n<div class=\"mc-column content-text active-extra-styles \" data-block-type=\"unstyled\" data-block-weight=\"29\" data-block-id=\"7\">\n<p class=\"content-text__container \" data-track-category=\"Link no Texto\" data-track-links=\"\">O f\u00f3rum tamb\u00e9m contabilizou o n\u00famero de mulheres v\u00edtimas de homic\u00eddio no ano passado: 4.539 (aumento de 6,1% em rela\u00e7\u00e3o a 2016). Desse total, 1.133 foram v\u00edtimas de feminic\u00eddio.<\/p>\n<\/div>\n<div class=\"mc-column content-text active-extra-styles \" data-block-type=\"unstyled\" data-block-weight=\"30\" data-block-id=\"8\">\n<p class=\"content-text__container \" data-track-category=\"Link no Texto\" data-track-links=\"\">\u201cA viol\u00eancia contra a mulher no Brasil \u00e9 de algum modo aceita, j\u00e1 que ela \u00e9 um elemento da hist\u00f3ria\u201d, analisa Renato Lima, diretor-presidente do F\u00f3rum Brasileiro de Seguran\u00e7a P\u00fablica.<\/p>\n<\/div>\n<div class=\"mc-column content-text active-extra-styles \" data-block-type=\"unstyled\" data-block-weight=\"57\" data-block-id=\"9\">\n<p class=\"content-text__container \" data-track-category=\"Link no Texto\" data-track-links=\"\">O especialista destaca a necessidade de treinamento dos agentes de seguran\u00e7a p\u00fablica. \u201cDa mesma forma que um policial \u00e9 treinado para usar uma arma de fogo na academia, n\u00f3s do f\u00f3rum estamos incentivando a ades\u00e3o de protocolos para que esse policial saiba acolher uma mulher v\u00edtima de viol\u00eancia, esteja ele numa delegacia de interior ou na capital\u201d.<\/p>\n<div class=\"wall\">\n<div class=\"mc-column content-text active-extra-styles\" data-block-type=\"raw\" data-block-weight=\"1\" data-block-id=\"11\">\n<div class=\"content-intertitle\">\n<h2>Estupros<\/h2>\n<\/div>\n<\/div>\n<div class=\"mc-column content-text active-extra-styles \" data-block-type=\"unstyled\" data-block-weight=\"24\" data-block-id=\"12\">\n<p class=\"content-text__container \" data-track-category=\"Link no Texto\" data-track-links=\"\">O n\u00famero de estupros cresceu no pa\u00eds no per\u00edodo. Foram 60.018 casos registrados no ano passado, um aumento de 8,4% em rela\u00e7\u00e3o a 2016.<\/p>\n<\/div>\n<div class=\"mc-column content-text active-extra-styles \" data-block-type=\"unstyled\" data-block-weight=\"24\" data-block-id=\"13\">\n<p class=\"content-text__container \" data-track-category=\"Link no Texto\" data-track-links=\"\">Segundo Samira, esse \u00e9 o crime mais subnotificado dos dados. \u201cA mulher tem vergonha, a mulher tem medo. \u00c9 muito pior do que parece\u201d.<\/p>\n<\/div>\n<\/div>\n<div data-track-category=\"fim do conteudo\" data-track-action=\"ultimo chunk conteudo\" data-track-noninteraction=\"false\" data-track-scroll=\"entrada completa viewport\">\n<div class=\"mc-column content-media content-media--normal  content-photo\" data-block-type=\"backstage-photo\" data-block-id=\"14\">\n<div class=\"content-media__container\">\n<div class=\"content-media__image-centered\">\n<div class=\"progressive-img can-open-lightbox\" data-min-size=\"1008x2737\" data-min-size-url=\"https:\/\/s2.glbimg.com\/3oe_zLYW-c33JZ2sqVgB8pd2fgA=\/0x0:650x1765\/1008x0\/smart\/filters:strip_icc()\/i.s3.glbimg.com\/v1\/AUTH_59edd422c0c84a879bd37670ae4f538a\/internal_photos\/bs\/2018\/p\/H\/JuTBAqSpyV3buO9G07Kw\/brasil-maior-numero-assassinadas-2017-v3.png\" data-max-size=\"1600x4344\" data-max-size-url=\"https:\/\/s2.glbimg.com\/pLT8wo3NJJKGpffZ9uUo7Ec4ZR4=\/0x0:650x1765\/1600x0\/smart\/filters:strip_icc()\/i.s3.glbimg.com\/v1\/AUTH_59edd422c0c84a879bd37670ae4f538a\/internal_photos\/bs\/2018\/p\/H\/JuTBAqSpyV3buO9G07Kw\/brasil-maior-numero-assassinadas-2017-v3.png\" data-media-index=\"1\">\n<div class=\"placeholder-container\"><\/div>\n<p><img decoding=\"async\" class=\"progressive-draft\" title=\"Brasil bate recorde em assassinatos em 2017 (Foto: Juliane Souza\/Arte G1 )\" src=\"data:image\/jpeg;base64,\/9j\/4AAQSkZJRgABAQAAAQABAAD\/2wBDAAMCAgMCAgMDAwMEAwMEBQgFBQQEBQoHBwYIDAoMDAsKCwsNDhIQDQ4RDgsLEBYQERMUFRUVDA8XGBYUGBIUFRT\/2wBDAQMEBAUEBQkFBQkUDQsNFBQUFBQUFBQUFBQUFBQUFBQUFBQUFBQUFBQUFBQUFBQUFBQUFBQUFBQUFBQUFBQUFBT\/wgARCABEABkDASIAAhEBAxEB\/8QAGwAAAgMBAQEAAAAAAAAAAAAAAwQAAgUBBgf\/xAAWAQEBAQAAAAAAAAAAAAAAAAABAAL\/2gAMAwEAAhADEAAAAfuxfUUHK2srXjP6Hlpl\/M04WUIRGb0vSBb9EDq7FC7JI7SOf\/\/EACAQAAICAgICAwAAAAAAAAAAAAECAAMSEwQRBRAVIjL\/2gAIAQEAAQUCHi6iPjEMo8eiDCdHLXklHANE6i8UiNxpVSvqu2y437WoWxyZ9s0os2IMRNN0YO9f5EVw91rBUq6b10cgOkx7ErTWjIGmlZqE\/8QAGhEAAgIDAAAAAAAAAAAAAAAAARACESAhMv\/aAAgBAwEBPwFVujlLor\/\/xAAWEQADAAAAAAAAAAAAAAAAAAABEDD\/2gAIAQIBAT8BgF\/\/xAAwEAABAgQCBwYHAAAAAAAAAAABAAIDERIhEDEEIjIzQVJhE0JRcYLhFGJygZGi8f\/aAAgBAQAGPwLd6Vnze6OppN\/n90QPiIQ6xc1mfyszknC4LvEreVX7ww1ozz6it7EA+ooPESI71nCJXC7Ol0toOn1T2wYghRSNVxbOR8kxoiQsry\/uB1G+c1EdXId0FXzwJOkfoEKIlJ5qc0Jn74bEQHxLbK4dEnawmpBrmy5hhxkiGilNqBOEqi7q7DiuK\/\/EACUQAQACAQQABgMBAAAAAAAAAAEAESEQMUFRYXGBkcHwobHR4f\/aAAgBAQABPyFVRBhie0twq7rOaljcC\/5FlP8ATFS0HiKirLkLKimORdj5XejlCej5m6lRnN8x\/rRQ+mjQ140Q9K28moKfhpPEvKNIrlG7zRoAUkLncfxLgSpjoVzFEQ8kK0oWa4oKh7XuUH2Qaxrgti3TfkFdJ4zAwyFyPiHzTenax7Y\/c3Qd8GHuboNjTRT3pSOnzWs3U9SfYz6mf\/\/aAAwDAQACAAMAAAAQiD9i0Qri98\/\/xAAeEQEAAgIBBQAAAAAAAAAAAAABABEhoRAxUWFxgf\/aAAgBAwEBPxCjvEBxGtwPPU1eolOIi5ZU+x93Nx4\/\/8QAGREAAwEBAQAAAAAAAAAAAAAAAAERECEx\/9oACAECAQE\/EBF5UITmo8LP\/8QAJBABAQACAgEDBQEBAAAAAAAAAREAITFBUWFxgRCRscHwoeH\/2gAIAQEAAT8QP2Mh3ekRr\/MOPgN\/yHp3jTwtIsHlWpOvnP5z94RB4Qsb2JbjPoB6FBDg1uGKUb2gRIjgPjWX5MilcWW8oG8\/5h6YwH5F28fzkWQjuseW8emTGLsUENIrRyCG6TeM9UOc5RIJspfJg4i9CvlDXTZ5y5riZWB5nb0uQ0hF2oaEvEbxbuZtKJhl9voAGbQUbxW3HWyp6BHaBXdMPpor0uOKvRlzkBDg5kfuZ74iF5BSRtDrr7ZBTcVnsgp+Jk9XLMkjoEEW6br+sFBWiUS8LFu9894WBwIBbEDNPv8AS5uljqV2gcWGuAwotThInzi5Py56v3c\/\/9k=\" alt=\"Brasil bate recorde em assassinatos em 2017 (Foto: Juliane Souza\/Arte G1 )\" \/><\/div>\n<\/div>\n<\/div>\n<\/div>\n<\/div>\n<\/div>\n<p data-track-category=\"Link no Texto\" data-track-links=\"\">\n<p data-track-category=\"Link no Texto\" data-track-links=\"\"><strong>G1\/Foto: Reprodu\u00e7\u00e3o\u00a0<\/strong><\/p>\n<p>Cariri Em A\u00e7\u00e3o<\/p>\n<p>Leia mais not\u00edcias em\u00a0<a href=\"http:\/\/www.caririemacao.com\/\">caririemacao.com<\/a>, siga nossa p\u00e1gina no\u00a0<a href=\"https:\/\/www.facebook.com\/CaririEmAcao\/?ref=aymt_homepage_panel\">Facebook<\/a>,\u00a0<a href=\"https:\/\/www.instagram.com\/cariri_em_acao\/?hl=pt-br\">Instagram<\/a>\u00a0e\u00a0<a href=\"https:\/\/www.youtube.com\/channel\/UCAptA0jQuYQy8vMhLt2m4qg\">Youtube<\/a>\u00a0e veja nossas mat\u00e9rias, v\u00eddeos e fotos. Voc\u00ea tamb\u00e9m pode enviar informa\u00e7\u00f5es \u00e0 Reda\u00e7\u00e3o do Portal Cariri em A\u00e7\u00e3o pelo WhatsApp (83) 9 9634.5791, (83) 9 9601-1162.<\/p>\n<\/div>\n","protected":false},"excerpt":{"rendered":"<p>O 12\u00ba Anu\u00e1rio Brasileiro de Seguran\u00e7a P\u00fablica revelou nesta segunda-feira (9) que em 2017 o Brasil teve 221.238 registros de viol\u00eancia dom\u00e9stica, o que significa&hellip; <\/p>\n","protected":false},"author":1,"featured_media":2869,"comment_status":"closed","ping_status":"closed","sticky":false,"template":"","format":"standard","meta":{"sfsi_plus_gutenberg_text_before_share":"","sfsi_plus_gutenberg_show_text_before_share":"","sfsi_plus_gutenberg_icon_type":"","sfsi_plus_gutenberg_icon_alignemt":"","sfsi_plus_gutenburg_max_per_row":"","footnotes":""},"categories":[12],"tags":[],"class_list":["post-60750","post","type-post","status-publish","format-standard","has-post-thumbnail","hentry","category-policia"],"_links":{"self":[{"href":"https:\/\/www.caririemacao.com\/1\/wp-json\/wp\/v2\/posts\/60750","targetHints":{"allow":["GET"]}}],"collection":[{"href":"https:\/\/www.caririemacao.com\/1\/wp-json\/wp\/v2\/posts"}],"about":[{"href":"https:\/\/www.caririemacao.com\/1\/wp-json\/wp\/v2\/types\/post"}],"author":[{"embeddable":true,"href":"https:\/\/www.caririemacao.com\/1\/wp-json\/wp\/v2\/users\/1"}],"replies":[{"embeddable":true,"href":"https:\/\/www.caririemacao.com\/1\/wp-json\/wp\/v2\/comments?post=60750"}],"version-history":[{"count":1,"href":"https:\/\/www.caririemacao.com\/1\/wp-json\/wp\/v2\/posts\/60750\/revisions"}],"predecessor-version":[{"id":60751,"href":"https:\/\/www.caririemacao.com\/1\/wp-json\/wp\/v2\/posts\/60750\/revisions\/60751"}],"wp:featuredmedia":[{"embeddable":true,"href":"https:\/\/www.caririemacao.com\/1\/wp-json\/wp\/v2\/media\/2869"}],"wp:attachment":[{"href":"https:\/\/www.caririemacao.com\/1\/wp-json\/wp\/v2\/media?parent=60750"}],"wp:term":[{"taxonomy":"category","embeddable":true,"href":"https:\/\/www.caririemacao.com\/1\/wp-json\/wp\/v2\/categories?post=60750"},{"taxonomy":"post_tag","embeddable":true,"href":"https:\/\/www.caririemacao.com\/1\/wp-json\/wp\/v2\/tags?post=60750"}],"curies":[{"name":"wp","href":"https:\/\/api.w.org\/{rel}","templated":true}]}}