{"id":60752,"date":"2018-08-09T17:29:37","date_gmt":"2018-08-09T20:29:37","guid":{"rendered":"http:\/\/caririemacao.com\/1\/?p=60752"},"modified":"2018-08-09T17:29:37","modified_gmt":"2018-08-09T20:29:37","slug":"namorada-de-dr-dumbum-renata-cirne-deixa-prisao-no-rio","status":"publish","type":"post","link":"https:\/\/www.caririemacao.com\/1\/2018\/08\/09\/namorada-de-dr-dumbum-renata-cirne-deixa-prisao-no-rio\/","title":{"rendered":"Namorada de &#8216;Dr. Dumbum&#8217;, Renata Cirne deixa pris\u00e3o no Rio"},"content":{"rendered":"<p><span class=\"news_capital_letter\">A<\/span>namorada do m\u00e9dico Denis C\u00e9sar Furtado, o &#8220;Doutor Bumbum&#8221;, Renata Cirne, 19 anos, deixou o Complexo Penitenci\u00e1rio de Gericin\u00f3, em Bangu, Zona Oeste do Rio, na tarde desta quinta-feira (9). A inten\u00e7\u00e3o da jovem \u00e9 morar junto com o companheiro, que continua preso ap\u00f3s uma paciente morrer depois de ser submetida a um procedimento na casa dele.<\/p>\n<p>Segundo informa\u00e7\u00f5es do Extra, Renata deve ir para a casa da m\u00e3e. &#8220;Eles continuam juntos. Ainda mais agora que ela est\u00e1 gr\u00e1vida. Apesar de eles n\u00e3o terem conversado pessoalmente, Denis j\u00e1 confirmou que quer continuar a rela\u00e7\u00e3o. A Renata no in\u00edcio estava em d\u00favida, mas repensou e achou melhor continuar o namoro&#8221;, disse uma pessoa pr\u00f3xima ao casal que preferiu n\u00e3o se identificar.<\/p>\n<p>Mesmo com o alvar\u00e1 de soltura, expedido pela Justi\u00e7a, Renata ainda aguardou quase dois dias at\u00e9 poder sair da cadeia, onde estava desde o dia 17 de julho. Ela foi acusada de partiicar do procedimento est\u00e9tico que matou a banc\u00e1ria Lilian Calixto.<\/p>\n<p>&nbsp;<\/p>\n<p><strong>Justi\u00e7a ao Minuto\/Foto: Reprodu\u00e7\u00e3o\u00a0<\/strong><\/p>\n<p>Cariri Em A\u00e7\u00e3o<\/p>\n<p>Leia mais not\u00edcias em\u00a0<a href=\"http:\/\/www.caririemacao.com\/\">caririemacao.com<\/a>, siga nossa p\u00e1gina no\u00a0<a href=\"https:\/\/www.facebook.com\/CaririEmAcao\/?ref=aymt_homepage_panel\">Facebook<\/a>,\u00a0<a href=\"https:\/\/www.instagram.com\/cariri_em_acao\/?hl=pt-br\">Instagram<\/a>\u00a0e\u00a0<a href=\"https:\/\/www.youtube.com\/channel\/UCAptA0jQuYQy8vMhLt2m4qg\">Youtube<\/a>\u00a0e veja nossas mat\u00e9rias, v\u00eddeos e fotos. Voc\u00ea tamb\u00e9m pode enviar informa\u00e7\u00f5es \u00e0 Reda\u00e7\u00e3o do Portal Cariri em A\u00e7\u00e3o pelo WhatsApp (83) 9 9634.5791, (83) 9 9601-1162.<\/p>\n<p>&nbsp;<\/p>\n","protected":false},"excerpt":{"rendered":"<p>Anamorada do m\u00e9dico Denis C\u00e9sar Furtado, o &#8220;Doutor Bumbum&#8221;, Renata Cirne, 19 anos, deixou o Complexo Penitenci\u00e1rio de Gericin\u00f3, em Bangu, Zona Oeste do Rio,&hellip; <\/p>\n","protected":false},"author":1,"featured_media":60753,"comment_status":"closed","ping_status":"closed","sticky":false,"template":"","format":"standard","meta":{"sfsi_plus_gutenberg_text_before_share":"","sfsi_plus_gutenberg_show_text_before_share":"","sfsi_plus_gutenberg_icon_type":"","sfsi_plus_gutenberg_icon_alignemt":"","sfsi_plus_gutenburg_max_per_row":"","footnotes":""},"categories":[12],"tags":[],"class_list":["post-60752","post","type-post","status-publish","format-standard","has-post-thumbnail","hentry","category-policia"],"_links":{"self":[{"href":"https:\/\/www.caririemacao.com\/1\/wp-json\/wp\/v2\/posts\/60752","targetHints":{"allow":["GET"]}}],"collection":[{"href":"https:\/\/www.caririemacao.com\/1\/wp-json\/wp\/v2\/posts"}],"about":[{"href":"https:\/\/www.caririemacao.com\/1\/wp-json\/wp\/v2\/types\/post"}],"author":[{"embeddable":true,"href":"https:\/\/www.caririemacao.com\/1\/wp-json\/wp\/v2\/users\/1"}],"replies":[{"embeddable":true,"href":"https:\/\/www.caririemacao.com\/1\/wp-json\/wp\/v2\/comments?post=60752"}],"version-history":[{"count":1,"href":"https:\/\/www.caririemacao.com\/1\/wp-json\/wp\/v2\/posts\/60752\/revisions"}],"predecessor-version":[{"id":60754,"href":"https:\/\/www.caririemacao.com\/1\/wp-json\/wp\/v2\/posts\/60752\/revisions\/60754"}],"wp:featuredmedia":[{"embeddable":true,"href":"https:\/\/www.caririemacao.com\/1\/wp-json\/wp\/v2\/media\/60753"}],"wp:attachment":[{"href":"https:\/\/www.caririemacao.com\/1\/wp-json\/wp\/v2\/media?parent=60752"}],"wp:term":[{"taxonomy":"category","embeddable":true,"href":"https:\/\/www.caririemacao.com\/1\/wp-json\/wp\/v2\/categories?post=60752"},{"taxonomy":"post_tag","embeddable":true,"href":"https:\/\/www.caririemacao.com\/1\/wp-json\/wp\/v2\/tags?post=60752"}],"curies":[{"name":"wp","href":"https:\/\/api.w.org\/{rel}","templated":true}]}}