{"id":60759,"date":"2018-08-09T17:55:48","date_gmt":"2018-08-09T20:55:48","guid":{"rendered":"http:\/\/caririemacao.com\/1\/?p=60759"},"modified":"2018-08-09T17:55:48","modified_gmt":"2018-08-09T20:55:48","slug":"publicado-o-decreto-que-corta-beneficio-sob-suspeita-de-idosos-e-deficientes","status":"publish","type":"post","link":"https:\/\/www.caririemacao.com\/1\/2018\/08\/09\/publicado-o-decreto-que-corta-beneficio-sob-suspeita-de-idosos-e-deficientes\/","title":{"rendered":"Publicado o decreto que corta benef\u00edcio sob suspeita de idosos e deficientes"},"content":{"rendered":"<p>O Pal\u00e1cio do Planalto publicou nesta quinta-feira (9) o decreto que facilita o corte do benef\u00edcio sob suspeita pago a idosos e pessoas com defici\u00eancia em situa\u00e7\u00e3o de mis\u00e9ria.<\/p>\n<p>De acordo com o governo, a ideia \u00e9 agilizar a suspens\u00e3o nos casos em que h\u00e1 irregularidade.<\/p>\n<p>A Folha de S.Paulo antecipou que o presidente Michel Temer publicaria um decreto que que n\u00e3o s\u00f3 agiliza a suspens\u00e3o do pagamento do BPC (Benef\u00edcio de Presta\u00e7\u00e3o Continuada) em casos suspeitos como cria novas situa\u00e7\u00f5es em que o benef\u00edcio pode ser cortado.<\/p>\n<p>O benef\u00edcio assistencial, que hoje sustenta 4,6 milh\u00f5es de pessoas, tem or\u00e7amento anual de mais de R$ 50 bilh\u00f5es -maior do que o do Bolsa Fam\u00edlia (R$ 29 bilh\u00f5es em 2017).<\/p>\n<p>O Minist\u00e9rio do Desenvolvimento Social informou nesta quinta-feira, por meio de nota, que as medidas v\u00e3o proporcionar mais agilidade na comunica\u00e7\u00e3o com os benefici\u00e1rios e corre\u00e7\u00e3o mais r\u00e1pida de irregularidades. Disse, ainda, que a medida se \u201cse aplica apenas aos benef\u00edcios pagos irregularmente\u201d.<\/p>\n<p>O decreto determina que o valor do benef\u00edcio ser\u00e1 bloqueado mesmo que o INSS, respons\u00e1vel pelo pagamento do BPC, n\u00e3o consiga notificar o benefici\u00e1rio. S\u00f3 ap\u00f3s o bloqueio, se entrar em contato com o INSS, o benefici\u00e1rio entender\u00e1 o motivo pelo qual teve o benef\u00edcio bloqueado. Al\u00e9m disso, ter\u00e1 apenas dez dias para para apresentar a defesa.<\/p>\n<p>De acordo com a regra hoje em vigor, se o governo n\u00e3o consegue notificar o benefici\u00e1rio por correio, \u00e9 necess\u00e1ria uma notifica\u00e7\u00e3o por meio de edital e h\u00e1 prazo de 15 dias para apresenta\u00e7\u00e3o de defesa.<\/p>\n<p>Segundo o Minist\u00e9rio do Desenvolvimento Social, o procedimento de corte do benef\u00edcio hoje pode demorar mais de um ano para ser conclu\u00eddo.<\/p>\n<p>Os benefici\u00e1rios que n\u00e3o est\u00e3o no Cadastro \u00danico dever\u00e3o se cadastrar at\u00e9 31 de dezembro de 2018, segundo o governo. Novas concess\u00f5es s\u00f3 ser\u00e3o feitas \u00e0queles que est\u00e3o nessa base de dados.<\/p>\n<p>Conhecido por muitos benefici\u00e1rios simplesmente como aposentadoria, o BPC \u00e9 uma assist\u00eancia de um sal\u00e1rio m\u00ednimo mensal paga a pessoas com defici\u00eancia ou com mais de 65 anos que tenham renda familiar per capita de at\u00e9 25% do sal\u00e1rio m\u00ednimo (R$ 954), que comprovem condi\u00e7\u00e3o de miserabilidade. Hoje, isso significa menos de R$ 238,50 por pessoa. O benef\u00edcio n\u00e3o d\u00e1 direito a pens\u00e3o nem paga 13<\/p>\n<p>&nbsp;<\/p>\n<p><strong>Para\u00edba Online\/Foto:Reprodu\u00e7\u00e3o\u00a0<\/strong><\/p>\n<p>Cariri Em A\u00e7\u00e3o<\/p>\n<p>Leia mais not\u00edcias em\u00a0<a href=\"http:\/\/www.caririemacao.com\/\">caririemacao.com<\/a>, siga nossa p\u00e1gina no\u00a0<a href=\"https:\/\/www.facebook.com\/CaririEmAcao\/?ref=aymt_homepage_panel\">Facebook<\/a>,\u00a0<a href=\"https:\/\/www.instagram.com\/cariri_em_acao\/?hl=pt-br\">Instagram<\/a>\u00a0e\u00a0<a href=\"https:\/\/www.youtube.com\/channel\/UCAptA0jQuYQy8vMhLt2m4qg\">Youtube<\/a>\u00a0e veja nossas mat\u00e9rias, v\u00eddeos e fotos. Voc\u00ea tamb\u00e9m pode enviar informa\u00e7\u00f5es \u00e0 Reda\u00e7\u00e3o do Portal Cariri em A\u00e7\u00e3o pelo WhatsApp (83) 9 9634.5791, (83) 9 9601-1162.<\/p>\n","protected":false},"excerpt":{"rendered":"<p>O Pal\u00e1cio do Planalto publicou nesta quinta-feira (9) o decreto que facilita o corte do benef\u00edcio sob suspeita pago a idosos e pessoas com defici\u00eancia&hellip; <\/p>\n","protected":false},"author":1,"featured_media":36057,"comment_status":"closed","ping_status":"closed","sticky":false,"template":"","format":"standard","meta":{"sfsi_plus_gutenberg_text_before_share":"","sfsi_plus_gutenberg_show_text_before_share":"","sfsi_plus_gutenberg_icon_type":"","sfsi_plus_gutenberg_icon_alignemt":"","sfsi_plus_gutenburg_max_per_row":"","footnotes":""},"categories":[11],"tags":[],"class_list":["post-60759","post","type-post","status-publish","format-standard","has-post-thumbnail","hentry","category-politica"],"_links":{"self":[{"href":"https:\/\/www.caririemacao.com\/1\/wp-json\/wp\/v2\/posts\/60759","targetHints":{"allow":["GET"]}}],"collection":[{"href":"https:\/\/www.caririemacao.com\/1\/wp-json\/wp\/v2\/posts"}],"about":[{"href":"https:\/\/www.caririemacao.com\/1\/wp-json\/wp\/v2\/types\/post"}],"author":[{"embeddable":true,"href":"https:\/\/www.caririemacao.com\/1\/wp-json\/wp\/v2\/users\/1"}],"replies":[{"embeddable":true,"href":"https:\/\/www.caririemacao.com\/1\/wp-json\/wp\/v2\/comments?post=60759"}],"version-history":[{"count":1,"href":"https:\/\/www.caririemacao.com\/1\/wp-json\/wp\/v2\/posts\/60759\/revisions"}],"predecessor-version":[{"id":60760,"href":"https:\/\/www.caririemacao.com\/1\/wp-json\/wp\/v2\/posts\/60759\/revisions\/60760"}],"wp:featuredmedia":[{"embeddable":true,"href":"https:\/\/www.caririemacao.com\/1\/wp-json\/wp\/v2\/media\/36057"}],"wp:attachment":[{"href":"https:\/\/www.caririemacao.com\/1\/wp-json\/wp\/v2\/media?parent=60759"}],"wp:term":[{"taxonomy":"category","embeddable":true,"href":"https:\/\/www.caririemacao.com\/1\/wp-json\/wp\/v2\/categories?post=60759"},{"taxonomy":"post_tag","embeddable":true,"href":"https:\/\/www.caririemacao.com\/1\/wp-json\/wp\/v2\/tags?post=60759"}],"curies":[{"name":"wp","href":"https:\/\/api.w.org\/{rel}","templated":true}]}}