{"id":60765,"date":"2018-08-09T19:52:34","date_gmt":"2018-08-09T22:52:34","guid":{"rendered":"http:\/\/caririemacao.com\/1\/?p=60765"},"modified":"2018-08-09T19:52:34","modified_gmt":"2018-08-09T22:52:34","slug":"campus-do-instituto-federal-da-cidade-de-monteiro-celebra-o-dia-do-estudante","status":"publish","type":"post","link":"https:\/\/www.caririemacao.com\/1\/2018\/08\/09\/campus-do-instituto-federal-da-cidade-de-monteiro-celebra-o-dia-do-estudante\/","title":{"rendered":"Campus do Instituto Federal da cidade de Monteiro celebra o \u2018Dia do Estudante"},"content":{"rendered":"<p>O Campus Monteiro, em virtude as comemora\u00e7\u00f5es ao \u2018Dia do Estudante\u2019 \u00a0realizou, nos dias 08 e 09, uma s\u00e9rie de atividades para os alunos da institui\u00e7\u00e3o.<\/p>\n<p>O evento iniciou, no dia 08, no Gin\u00e1sio de Esportes, com um acolhimento aos estudantes, pela Dire\u00e7\u00e3o do Campus, em seguida, houve a apresenta\u00e7\u00e3o de um v\u00eddeo institucional, onde egressos do\u00a0Campus Monteiro realizaram depoimentos sobre a import\u00e2ncia da Institui\u00e7\u00e3o em suas forma\u00e7\u00f5es acad\u00eamicas e profissionais.Em seguida, houve uma palestra com o ex-aluno Guilherme Leite, no qual, o mesmo explanou a sua viv\u00eancia, no per\u00edodo em que foi aluno no Campus Monteiro, enfatizando a import\u00e2ncia da institui\u00e7\u00e3o em sua carreira acad\u00eamica. Hoje, o mesmo est\u00e1 matriculado no Curso Bacharelado em Engenharia El\u00e9trica, do Campus Jo\u00e3o Pessoa. Ao final da Palestra, Os alunos foram dirigidos ao p\u00e1tio da institui\u00e7\u00e3o, onde houve uma apresenta\u00e7\u00e3o musical, com o m\u00fasico Victor Hugo.<\/p>\n<p><img fetchpriority=\"high\" decoding=\"async\" class=\"wp-image-20111 alignleft\" src=\"http:\/\/www.vitrinedocariri.com.br\/wp-content\/uploads\/2018\/08\/ifpb-dia-do-estudante-livros.jpeg\" alt=\"\" width=\"381\" height=\"252\" \/>Abra\u00e3o Rom\u00e3o Batista, Diretor-Geral do Campus, aproveitou o evento para Lan\u00e7ar a IV Tear, o III Entec e III Semiti, eventos que ser\u00e3o realizados de 22 a 26 de outubro, com v\u00e1rias palestras, oficinas, Sarau Po\u00e9ticos, Feira de Conhecimento e apresenta\u00e7\u00f5es culturais.<\/p>\n<p>No dia 09, em continua\u00e7\u00e3o as comemora\u00e7\u00f5es ao \u2018Dia do Estudante\u2019, houve v\u00e1rias atividades na Biblioteca do Campus, como exibi\u00e7\u00e3o de um filme, al\u00e9m de uma leitura de cordel. O evento culminou com a 1\u00aa Feira de Troca de Livros, com o intuito em passar a mensagem da \u00a0import\u00e2ncia da leitura para o estudante.<\/p>\n<p>&nbsp;<\/p>\n<p><strong>Vitrine do Cariri\/Foto: Reprodu\u00e7\u00e3o\u00a0<\/strong><\/p>\n<p>Cariri Em A\u00e7\u00e3o<\/p>\n<p>Leia mais not\u00edcias em\u00a0<a href=\"http:\/\/www.caririemacao.com\/\">caririemacao.com<\/a>, siga nossa p\u00e1gina no\u00a0<a href=\"https:\/\/www.facebook.com\/CaririEmAcao\/?ref=aymt_homepage_panel\">Facebook<\/a>,\u00a0<a href=\"https:\/\/www.instagram.com\/cariri_em_acao\/?hl=pt-br\">Instagram<\/a>\u00a0e\u00a0<a href=\"https:\/\/www.youtube.com\/channel\/UCAptA0jQuYQy8vMhLt2m4qg\">Youtube<\/a>\u00a0e veja nossas mat\u00e9rias, v\u00eddeos e fotos. Voc\u00ea tamb\u00e9m pode enviar informa\u00e7\u00f5es \u00e0 Reda\u00e7\u00e3o do Portal Cariri em A\u00e7\u00e3o pelo WhatsApp (83) 9 9634.5791, (83) 9 9601-1162.<\/p>\n","protected":false},"excerpt":{"rendered":"<p>O Campus Monteiro, em virtude as comemora\u00e7\u00f5es ao \u2018Dia do Estudante\u2019 \u00a0realizou, nos dias 08 e 09, uma s\u00e9rie de atividades para os alunos da&hellip; <\/p>\n","protected":false},"author":1,"featured_media":60766,"comment_status":"closed","ping_status":"closed","sticky":false,"template":"","format":"standard","meta":{"sfsi_plus_gutenberg_text_before_share":"","sfsi_plus_gutenberg_show_text_before_share":"","sfsi_plus_gutenberg_icon_type":"","sfsi_plus_gutenberg_icon_alignemt":"","sfsi_plus_gutenburg_max_per_row":"","footnotes":""},"categories":[14],"tags":[],"class_list":["post-60765","post","type-post","status-publish","format-standard","has-post-thumbnail","hentry","category-educacao"],"_links":{"self":[{"href":"https:\/\/www.caririemacao.com\/1\/wp-json\/wp\/v2\/posts\/60765","targetHints":{"allow":["GET"]}}],"collection":[{"href":"https:\/\/www.caririemacao.com\/1\/wp-json\/wp\/v2\/posts"}],"about":[{"href":"https:\/\/www.caririemacao.com\/1\/wp-json\/wp\/v2\/types\/post"}],"author":[{"embeddable":true,"href":"https:\/\/www.caririemacao.com\/1\/wp-json\/wp\/v2\/users\/1"}],"replies":[{"embeddable":true,"href":"https:\/\/www.caririemacao.com\/1\/wp-json\/wp\/v2\/comments?post=60765"}],"version-history":[{"count":1,"href":"https:\/\/www.caririemacao.com\/1\/wp-json\/wp\/v2\/posts\/60765\/revisions"}],"predecessor-version":[{"id":60767,"href":"https:\/\/www.caririemacao.com\/1\/wp-json\/wp\/v2\/posts\/60765\/revisions\/60767"}],"wp:featuredmedia":[{"embeddable":true,"href":"https:\/\/www.caririemacao.com\/1\/wp-json\/wp\/v2\/media\/60766"}],"wp:attachment":[{"href":"https:\/\/www.caririemacao.com\/1\/wp-json\/wp\/v2\/media?parent=60765"}],"wp:term":[{"taxonomy":"category","embeddable":true,"href":"https:\/\/www.caririemacao.com\/1\/wp-json\/wp\/v2\/categories?post=60765"},{"taxonomy":"post_tag","embeddable":true,"href":"https:\/\/www.caririemacao.com\/1\/wp-json\/wp\/v2\/tags?post=60765"}],"curies":[{"name":"wp","href":"https:\/\/api.w.org\/{rel}","templated":true}]}}