{"id":60768,"date":"2018-08-09T19:57:25","date_gmt":"2018-08-09T22:57:25","guid":{"rendered":"http:\/\/caririemacao.com\/1\/?p=60768"},"modified":"2018-08-09T19:57:25","modified_gmt":"2018-08-09T22:57:25","slug":"joao-azevedo-dialoga-com-populacao-durante-plenaria-das-mangabeiras-nesta-quinta-feira","status":"publish","type":"post","link":"https:\/\/www.caririemacao.com\/1\/2018\/08\/09\/joao-azevedo-dialoga-com-populacao-durante-plenaria-das-mangabeiras-nesta-quinta-feira\/","title":{"rendered":"Jo\u00e3o Azev\u00eado dialoga com popula\u00e7\u00e3o durante Plen\u00e1ria das Mangabeiras, nesta quinta-feira"},"content":{"rendered":"<p>O candidato do PSB ao Governo da Para\u00edba, Jo\u00e3o Azev\u00eado (PSB), d\u00e1 sequ\u00eancia ao ciclo de plen\u00e1rias pelos bairros da Grande Jo\u00e3o Pessoa, nesta quinta-feira (9). O primeiro evento foi realizado na \u00faltima ter\u00e7a-feira (7), com a participa\u00e7\u00e3o de moradores de Jaguaribe, Cristo e Rangel, e do governador Ricardo Coutinho, presidente de honra do PSB paraibano.<\/p>\n<p>Nesta quinta, Jo\u00e3o participa da Plen\u00e1ria das Mangabeiras, a partir das 18h, no gin\u00e1sio do Prosind. O evento deve reunir tamb\u00e9m o governador Ricardo Coutinho e candidatos a deputado federal e estadual da coliga\u00e7\u00e3o \u2018A For\u00e7a do Trabalho\u2019.<\/p>\n<div class=\"google-auto-placed ap_container\"><ins class=\"adsbygoogle adsbygoogle-noablate\" data-ad-format=\"auto\" data-ad-client=\"ca-pub-1593055478228631\" data-adsbygoogle-status=\"done\"><ins id=\"aswift_2_expand\"><ins id=\"aswift_2_anchor\"><\/ins><\/ins><\/ins>De acordo com o presidente do PSB em Jo\u00e3o Pessoa, Ronaldo Barbosa, o ciclo de plen\u00e1rias com Jo\u00e3o tem o objetivo de ouvir os anseios da popula\u00e7\u00e3o, construir coletivamente pol\u00edticas p\u00fablicas e debater propostas para que a Para\u00edba se mantenha no caminho do desenvolvimento.<\/div>\n<p><strong>Ciclo de plen\u00e1rias<\/strong><\/p>\n<p>09\/08 \u2013 Quinta-feira<\/p>\n<p>18h00 \u2013 Plen\u00e1ria das Mangabeiras (I a VIII)<br \/>\nLocal: Gin\u00e1sio do Prosind \u2013\u00a0Rua Roseane de F\u00e1tima Clemente, n\u00ba 2152<\/p>\n<p>&nbsp;<\/p>\n<p><strong>Para\u00edba J\u00e1\/Foto: Reprodu\u00e7\u00e3o\u00a0<\/strong><\/p>\n<p>Cariri Em A\u00e7\u00e3o<\/p>\n<p>Leia mais not\u00edcias em\u00a0<a href=\"http:\/\/www.caririemacao.com\/\">caririemacao.com<\/a>, siga nossa p\u00e1gina no\u00a0<a href=\"https:\/\/www.facebook.com\/CaririEmAcao\/?ref=aymt_homepage_panel\">Facebook<\/a>,\u00a0<a href=\"https:\/\/www.instagram.com\/cariri_em_acao\/?hl=pt-br\">Instagram<\/a>\u00a0e\u00a0<a href=\"https:\/\/www.youtube.com\/channel\/UCAptA0jQuYQy8vMhLt2m4qg\">Youtube<\/a>\u00a0e veja nossas mat\u00e9rias, v\u00eddeos e fotos. Voc\u00ea tamb\u00e9m pode enviar informa\u00e7\u00f5es \u00e0 Reda\u00e7\u00e3o do Portal Cariri em A\u00e7\u00e3o pelo WhatsApp (83) 9 9634.5791, (83) 9 9601-1162.<\/p>\n","protected":false},"excerpt":{"rendered":"<p>O candidato do PSB ao Governo da Para\u00edba, Jo\u00e3o Azev\u00eado (PSB), d\u00e1 sequ\u00eancia ao ciclo de plen\u00e1rias pelos bairros da Grande Jo\u00e3o Pessoa, nesta quinta-feira&hellip; <\/p>\n","protected":false},"author":1,"featured_media":59625,"comment_status":"closed","ping_status":"closed","sticky":false,"template":"","format":"standard","meta":{"sfsi_plus_gutenberg_text_before_share":"","sfsi_plus_gutenberg_show_text_before_share":"","sfsi_plus_gutenberg_icon_type":"","sfsi_plus_gutenberg_icon_alignemt":"","sfsi_plus_gutenburg_max_per_row":"","footnotes":""},"categories":[11],"tags":[],"class_list":["post-60768","post","type-post","status-publish","format-standard","has-post-thumbnail","hentry","category-politica"],"_links":{"self":[{"href":"https:\/\/www.caririemacao.com\/1\/wp-json\/wp\/v2\/posts\/60768","targetHints":{"allow":["GET"]}}],"collection":[{"href":"https:\/\/www.caririemacao.com\/1\/wp-json\/wp\/v2\/posts"}],"about":[{"href":"https:\/\/www.caririemacao.com\/1\/wp-json\/wp\/v2\/types\/post"}],"author":[{"embeddable":true,"href":"https:\/\/www.caririemacao.com\/1\/wp-json\/wp\/v2\/users\/1"}],"replies":[{"embeddable":true,"href":"https:\/\/www.caririemacao.com\/1\/wp-json\/wp\/v2\/comments?post=60768"}],"version-history":[{"count":1,"href":"https:\/\/www.caririemacao.com\/1\/wp-json\/wp\/v2\/posts\/60768\/revisions"}],"predecessor-version":[{"id":60769,"href":"https:\/\/www.caririemacao.com\/1\/wp-json\/wp\/v2\/posts\/60768\/revisions\/60769"}],"wp:featuredmedia":[{"embeddable":true,"href":"https:\/\/www.caririemacao.com\/1\/wp-json\/wp\/v2\/media\/59625"}],"wp:attachment":[{"href":"https:\/\/www.caririemacao.com\/1\/wp-json\/wp\/v2\/media?parent=60768"}],"wp:term":[{"taxonomy":"category","embeddable":true,"href":"https:\/\/www.caririemacao.com\/1\/wp-json\/wp\/v2\/categories?post=60768"},{"taxonomy":"post_tag","embeddable":true,"href":"https:\/\/www.caririemacao.com\/1\/wp-json\/wp\/v2\/tags?post=60768"}],"curies":[{"name":"wp","href":"https:\/\/api.w.org\/{rel}","templated":true}]}}