{"id":60770,"date":"2018-08-09T20:00:42","date_gmt":"2018-08-09T23:00:42","guid":{"rendered":"http:\/\/caririemacao.com\/1\/?p=60770"},"modified":"2018-08-09T20:00:42","modified_gmt":"2018-08-09T23:00:42","slug":"secretaria-de-assistencia-social-de-serra-branca-amplia-o-atendimento-do-programa-leite-da-paraiba","status":"publish","type":"post","link":"https:\/\/www.caririemacao.com\/1\/2018\/08\/09\/secretaria-de-assistencia-social-de-serra-branca-amplia-o-atendimento-do-programa-leite-da-paraiba\/","title":{"rendered":"Secretaria de Assist\u00eancia Social de Serra Branca amplia o atendimento do Programa Leite da Para\u00edba"},"content":{"rendered":"<div id=\"caminho\" class=\"section\">\n<div class=\"container\">\n<div class=\"row\">\n<h2><\/h2>\n<\/div>\n<\/div>\n<\/div>\n<div id=\"pagina\" class=\"section\">\n<div class=\"container\">\n<div class=\"row\">\n<div class=\"col-xs-12 col-sm-12 col-md-8\">\n<p><img fetchpriority=\"high\" decoding=\"async\" class=\"wp-image-20665 alignleft\" src=\"http:\/\/www.paraibamix.com.br\/wp-content\/uploads\/2018\/08\/leite-1.jpg\" sizes=\"(max-width: 341px) 100vw, 341px\" srcset=\"http:\/\/www.paraibamix.com.br\/wp-content\/uploads\/2018\/08\/leite-1.jpg 640w, http:\/\/www.paraibamix.com.br\/wp-content\/uploads\/2018\/08\/leite-1-150x100.jpg 150w, http:\/\/www.paraibamix.com.br\/wp-content\/uploads\/2018\/08\/leite-1-300x200.jpg 300w\" alt=\"\" width=\"341\" height=\"227\" \/><\/p>\n<p>\u00ad<\/p>\n<p>A Secretaria de Assist\u00eancia Assist\u00eancia Social de Serra Branca realizou do m\u00eas de Julho\/2018, o recadastramento das fam\u00edlias inscritas no Programa Leite da Para\u00edba \u2013 PAA Leite, e com isso conseguiu incluir cerca de 200 novas fam\u00edlias no Programa, totalizando 400 fam\u00edlias beneficiadas, que recebem o leite de cabra dois dias na semana.<\/p>\n<p>Segundo o Secret\u00e1rio Aderbal Brito Leka, \u201ceste processo de recadastramento das fam\u00edlias \u00e9 importante para que seja feita a triagem de benefici\u00e1rios que n\u00e3o se enquadram nos crit\u00e9rios do Programa e com isso sejam inseridas mais fam\u00edlias que estejam necessitando\u201d.<\/p>\n<p>Esta \u00e9 a segunda vez na gest\u00e3o do Prefeito Vicente Fialho Souzinha, que novas fam\u00edlias s\u00e3o contempladas para este programa que funciona em parceria entre o Munic\u00edpio, Governo Estadual e Federal, e \u00e9 oriundo da agricultura familiar do nosso Estado, garantindo renda e evitando a migra\u00e7\u00e3o do homem do campo para os grandes centros.<\/p>\n<p>As fam\u00edlias contempladas est\u00e3o recebendo os cart\u00f5es na Secretaria de Assist\u00eancia Social e com posse desse cart\u00e3o poder\u00e3o receber normalmente seu leite nas segundas e sextas-feiras, na sede da referida Secretaria.<\/p>\n<p>Os crit\u00e9rios de sele\u00e7\u00e3o dessas fam\u00edlias foram: Crian\u00e7as de at\u00e9 7 anos, Idosos, Pessoas portadoras de necessidades especiais que est\u00e3o inscritos no Cadastro \u00danico.<\/p>\n<\/div>\n<\/div>\n<p>&nbsp;<\/p>\n<p><strong>Para\u00edba Mix\/Foto: Reprodu\u00e7\u00e3o\u00a0<\/strong><\/p>\n<p>Cariri Em A\u00e7\u00e3o<\/p>\n<p>Leia mais not\u00edcias em\u00a0<a href=\"http:\/\/www.caririemacao.com\/\">caririemacao.com<\/a>, siga nossa p\u00e1gina no\u00a0<a href=\"https:\/\/www.facebook.com\/CaririEmAcao\/?ref=aymt_homepage_panel\">Facebook<\/a>,\u00a0<a href=\"https:\/\/www.instagram.com\/cariri_em_acao\/?hl=pt-br\">Instagram<\/a>\u00a0e\u00a0<a href=\"https:\/\/www.youtube.com\/channel\/UCAptA0jQuYQy8vMhLt2m4qg\">Youtube<\/a>\u00a0e veja nossas mat\u00e9rias, v\u00eddeos e fotos. Voc\u00ea tamb\u00e9m pode enviar informa\u00e7\u00f5es \u00e0 Reda\u00e7\u00e3o do Portal Cariri em A\u00e7\u00e3o pelo WhatsApp (83) 9 9634.5791, (83) 9 9601-1162.<\/p>\n<\/div>\n<\/div>\n","protected":false},"excerpt":{"rendered":"<p>\u00ad A Secretaria de Assist\u00eancia Assist\u00eancia Social de Serra Branca realizou do m\u00eas de Julho\/2018, o recadastramento das fam\u00edlias inscritas no Programa Leite da Para\u00edba&hellip; <\/p>\n","protected":false},"author":1,"featured_media":24477,"comment_status":"closed","ping_status":"closed","sticky":false,"template":"","format":"standard","meta":{"sfsi_plus_gutenberg_text_before_share":"","sfsi_plus_gutenberg_show_text_before_share":"","sfsi_plus_gutenberg_icon_type":"","sfsi_plus_gutenberg_icon_alignemt":"","sfsi_plus_gutenburg_max_per_row":"","footnotes":""},"categories":[11],"tags":[],"class_list":["post-60770","post","type-post","status-publish","format-standard","has-post-thumbnail","hentry","category-politica"],"_links":{"self":[{"href":"https:\/\/www.caririemacao.com\/1\/wp-json\/wp\/v2\/posts\/60770","targetHints":{"allow":["GET"]}}],"collection":[{"href":"https:\/\/www.caririemacao.com\/1\/wp-json\/wp\/v2\/posts"}],"about":[{"href":"https:\/\/www.caririemacao.com\/1\/wp-json\/wp\/v2\/types\/post"}],"author":[{"embeddable":true,"href":"https:\/\/www.caririemacao.com\/1\/wp-json\/wp\/v2\/users\/1"}],"replies":[{"embeddable":true,"href":"https:\/\/www.caririemacao.com\/1\/wp-json\/wp\/v2\/comments?post=60770"}],"version-history":[{"count":1,"href":"https:\/\/www.caririemacao.com\/1\/wp-json\/wp\/v2\/posts\/60770\/revisions"}],"predecessor-version":[{"id":60771,"href":"https:\/\/www.caririemacao.com\/1\/wp-json\/wp\/v2\/posts\/60770\/revisions\/60771"}],"wp:featuredmedia":[{"embeddable":true,"href":"https:\/\/www.caririemacao.com\/1\/wp-json\/wp\/v2\/media\/24477"}],"wp:attachment":[{"href":"https:\/\/www.caririemacao.com\/1\/wp-json\/wp\/v2\/media?parent=60770"}],"wp:term":[{"taxonomy":"category","embeddable":true,"href":"https:\/\/www.caririemacao.com\/1\/wp-json\/wp\/v2\/categories?post=60770"},{"taxonomy":"post_tag","embeddable":true,"href":"https:\/\/www.caririemacao.com\/1\/wp-json\/wp\/v2\/tags?post=60770"}],"curies":[{"name":"wp","href":"https:\/\/api.w.org\/{rel}","templated":true}]}}