{"id":60772,"date":"2018-08-09T21:07:20","date_gmt":"2018-08-10T00:07:20","guid":{"rendered":"http:\/\/caririemacao.com\/1\/?p=60772"},"modified":"2018-08-09T21:07:20","modified_gmt":"2018-08-10T00:07:20","slug":"final-da-copa-integracao-e-neste-domingo-dia-12-de-agosto","status":"publish","type":"post","link":"https:\/\/www.caririemacao.com\/1\/2018\/08\/09\/final-da-copa-integracao-e-neste-domingo-dia-12-de-agosto\/","title":{"rendered":"Final da Copa Integra\u00e7\u00e3o \u00e9 neste domingo dia 12 de agosto"},"content":{"rendered":"<p><img fetchpriority=\"high\" decoding=\"async\" class=\"alignnone size-medium wp-image-7625\" src=\"http:\/\/www.camalaunoticias.com.br\/wp-content\/uploads\/2018\/08\/38723934_1635946309850023_3213551671112105984_n-300x285.jpg\" sizes=\"(max-width: 300px) 100vw, 300px\" srcset=\"http:\/\/www.camalaunoticias.com.br\/wp-content\/uploads\/2018\/08\/38723934_1635946309850023_3213551671112105984_n-300x285.jpg 300w, http:\/\/www.camalaunoticias.com.br\/wp-content\/uploads\/2018\/08\/38723934_1635946309850023_3213551671112105984_n.jpg 740w\" alt=\"\" width=\"300\" height=\"285\" \/><\/p>\n<p>Acontece neste domingo dia 12 de agosto, a final da Copa Integra\u00e7\u00e3o 2018.<\/p>\n<p>A partida acontecer\u00e1 na cidade de S\u00e3o Jo\u00e3o de Tigre, e ser\u00e1 disputada entre Tigrense e o Barcelona de Soledade.<\/p>\n<p>&nbsp;<\/p>\n<p><strong>Camalau Not\u00edcias\/Foto: Reprodu\u00e7\u00e3o\u00a0<\/strong><\/p>\n<p>Cariri Em A\u00e7\u00e3o<\/p>\n<p>Leia mais not\u00edcias em\u00a0<a href=\"http:\/\/www.caririemacao.com\/\">caririemacao.com<\/a>, siga nossa p\u00e1gina no\u00a0<a href=\"https:\/\/www.facebook.com\/CaririEmAcao\/?ref=aymt_homepage_panel\">Facebook<\/a>,\u00a0<a href=\"https:\/\/www.instagram.com\/cariri_em_acao\/?hl=pt-br\">Instagram<\/a>\u00a0e\u00a0<a href=\"https:\/\/www.youtube.com\/channel\/UCAptA0jQuYQy8vMhLt2m4qg\">Youtube<\/a>\u00a0e veja nossas mat\u00e9rias, v\u00eddeos e fotos. Voc\u00ea tamb\u00e9m pode enviar informa\u00e7\u00f5es \u00e0 Reda\u00e7\u00e3o do Portal Cariri em A\u00e7\u00e3o pelo WhatsApp (83) 9 9634.5791, (83) 9 9601-1162.<\/p>\n","protected":false},"excerpt":{"rendered":"<p>Acontece neste domingo dia 12 de agosto, a final da Copa Integra\u00e7\u00e3o 2018. A partida acontecer\u00e1 na cidade de S\u00e3o Jo\u00e3o de Tigre, e ser\u00e1&hellip; <\/p>\n","protected":false},"author":1,"featured_media":60776,"comment_status":"closed","ping_status":"closed","sticky":false,"template":"","format":"standard","meta":{"sfsi_plus_gutenberg_text_before_share":"","sfsi_plus_gutenberg_show_text_before_share":"","sfsi_plus_gutenberg_icon_type":"","sfsi_plus_gutenberg_icon_alignemt":"","sfsi_plus_gutenburg_max_per_row":"","footnotes":""},"categories":[13],"tags":[],"class_list":["post-60772","post","type-post","status-publish","format-standard","has-post-thumbnail","hentry","category-esportes"],"_links":{"self":[{"href":"https:\/\/www.caririemacao.com\/1\/wp-json\/wp\/v2\/posts\/60772","targetHints":{"allow":["GET"]}}],"collection":[{"href":"https:\/\/www.caririemacao.com\/1\/wp-json\/wp\/v2\/posts"}],"about":[{"href":"https:\/\/www.caririemacao.com\/1\/wp-json\/wp\/v2\/types\/post"}],"author":[{"embeddable":true,"href":"https:\/\/www.caririemacao.com\/1\/wp-json\/wp\/v2\/users\/1"}],"replies":[{"embeddable":true,"href":"https:\/\/www.caririemacao.com\/1\/wp-json\/wp\/v2\/comments?post=60772"}],"version-history":[{"count":1,"href":"https:\/\/www.caririemacao.com\/1\/wp-json\/wp\/v2\/posts\/60772\/revisions"}],"predecessor-version":[{"id":60777,"href":"https:\/\/www.caririemacao.com\/1\/wp-json\/wp\/v2\/posts\/60772\/revisions\/60777"}],"wp:featuredmedia":[{"embeddable":true,"href":"https:\/\/www.caririemacao.com\/1\/wp-json\/wp\/v2\/media\/60776"}],"wp:attachment":[{"href":"https:\/\/www.caririemacao.com\/1\/wp-json\/wp\/v2\/media?parent=60772"}],"wp:term":[{"taxonomy":"category","embeddable":true,"href":"https:\/\/www.caririemacao.com\/1\/wp-json\/wp\/v2\/categories?post=60772"},{"taxonomy":"post_tag","embeddable":true,"href":"https:\/\/www.caririemacao.com\/1\/wp-json\/wp\/v2\/tags?post=60772"}],"curies":[{"name":"wp","href":"https:\/\/api.w.org\/{rel}","templated":true}]}}