{"id":60781,"date":"2018-08-09T21:21:47","date_gmt":"2018-08-10T00:21:47","guid":{"rendered":"http:\/\/caririemacao.com\/1\/?p=60781"},"modified":"2018-08-09T21:21:47","modified_gmt":"2018-08-10T00:21:47","slug":"luiz-couto-recebe-apoio-do-prefeito-de-sao-joao-do-cariri-para-o-senado","status":"publish","type":"post","link":"https:\/\/www.caririemacao.com\/1\/2018\/08\/09\/luiz-couto-recebe-apoio-do-prefeito-de-sao-joao-do-cariri-para-o-senado\/","title":{"rendered":"Luiz Couto recebe apoio do prefeito de S\u00e3o Jo\u00e3o do Cariri para o senado"},"content":{"rendered":"<p>O prefeito do munic\u00edpio de S\u00e3o Jo\u00e3o do Cariri, Cosme (DEM), declarou nesta quinta-feira (09) seu apoio a Luiz Couto na disputa por uma vaga ao senado. Segundo informa\u00e7\u00f5es o motivo do apoio foi de reconhecimento ao trabalho desenvolvido pelo parlamentar na regi\u00e3o do Cariri nos \u00faltimos anos.<\/p>\n<p>\u201cLuiz Couto vem trabalhando por nossa cidade, estou reconhecendo seu trabalho junto ao povo, \u00e9 um filho do Cariri, que sabe nossas lutas. \u00c9 um parlamentar presente nas bases e um grande parceiro\u201d disse o prefeito.<\/p>\n<p>O xadrez pol\u00edtico na cidade dever\u00e1 ter novidades, outras for\u00e7as pol\u00edticas devem seguir o caminho adotado pelo prefeito Cosme, que coloca a candidatura de Couto como fundamental para os interesses da popula\u00e7\u00e3o.<\/p>\n<p>S\u00e3o Jo\u00e3o do Cariri \u00e9 considerada da Terra M\u00e3e para toda regi\u00e3o, tem uma forte tradi\u00e7\u00e3o pol\u00edtica para o Estado e ocupa o protagonismo pelo peso da sua hist\u00f3ria.<\/p>\n<p>&nbsp;<\/p>\n<p><strong>Para\u00edba Mix\/Foto: Reprodu\u00e7\u00e3o\u00a0<\/strong><\/p>\n<p>Cariri Em A\u00e7\u00e3o<\/p>\n<p>Leia mais not\u00edcias em\u00a0<a href=\"http:\/\/www.caririemacao.com\/\">caririemacao.com<\/a>, siga nossa p\u00e1gina no\u00a0<a href=\"https:\/\/www.facebook.com\/CaririEmAcao\/?ref=aymt_homepage_panel\">Facebook<\/a>,\u00a0<a href=\"https:\/\/www.instagram.com\/cariri_em_acao\/?hl=pt-br\">Instagram<\/a>\u00a0e\u00a0<a href=\"https:\/\/www.youtube.com\/channel\/UCAptA0jQuYQy8vMhLt2m4qg\">Youtube<\/a>\u00a0e veja nossas mat\u00e9rias, v\u00eddeos e fotos. Voc\u00ea tamb\u00e9m pode enviar informa\u00e7\u00f5es \u00e0 Reda\u00e7\u00e3o do Portal Cariri em A\u00e7\u00e3o pelo WhatsApp (83) 9 9634.5791, (83) 9 9601-1162.<\/p>\n","protected":false},"excerpt":{"rendered":"<p>O prefeito do munic\u00edpio de S\u00e3o Jo\u00e3o do Cariri, Cosme (DEM), declarou nesta quinta-feira (09) seu apoio a Luiz Couto na disputa por uma vaga&hellip; <\/p>\n","protected":false},"author":1,"featured_media":60782,"comment_status":"closed","ping_status":"closed","sticky":false,"template":"","format":"standard","meta":{"sfsi_plus_gutenberg_text_before_share":"","sfsi_plus_gutenberg_show_text_before_share":"","sfsi_plus_gutenberg_icon_type":"","sfsi_plus_gutenberg_icon_alignemt":"","sfsi_plus_gutenburg_max_per_row":"","footnotes":""},"categories":[1],"tags":[],"class_list":["post-60781","post","type-post","status-publish","format-standard","has-post-thumbnail","hentry","category-o-site"],"_links":{"self":[{"href":"https:\/\/www.caririemacao.com\/1\/wp-json\/wp\/v2\/posts\/60781","targetHints":{"allow":["GET"]}}],"collection":[{"href":"https:\/\/www.caririemacao.com\/1\/wp-json\/wp\/v2\/posts"}],"about":[{"href":"https:\/\/www.caririemacao.com\/1\/wp-json\/wp\/v2\/types\/post"}],"author":[{"embeddable":true,"href":"https:\/\/www.caririemacao.com\/1\/wp-json\/wp\/v2\/users\/1"}],"replies":[{"embeddable":true,"href":"https:\/\/www.caririemacao.com\/1\/wp-json\/wp\/v2\/comments?post=60781"}],"version-history":[{"count":1,"href":"https:\/\/www.caririemacao.com\/1\/wp-json\/wp\/v2\/posts\/60781\/revisions"}],"predecessor-version":[{"id":60783,"href":"https:\/\/www.caririemacao.com\/1\/wp-json\/wp\/v2\/posts\/60781\/revisions\/60783"}],"wp:featuredmedia":[{"embeddable":true,"href":"https:\/\/www.caririemacao.com\/1\/wp-json\/wp\/v2\/media\/60782"}],"wp:attachment":[{"href":"https:\/\/www.caririemacao.com\/1\/wp-json\/wp\/v2\/media?parent=60781"}],"wp:term":[{"taxonomy":"category","embeddable":true,"href":"https:\/\/www.caririemacao.com\/1\/wp-json\/wp\/v2\/categories?post=60781"},{"taxonomy":"post_tag","embeddable":true,"href":"https:\/\/www.caririemacao.com\/1\/wp-json\/wp\/v2\/tags?post=60781"}],"curies":[{"name":"wp","href":"https:\/\/api.w.org\/{rel}","templated":true}]}}