{"id":60784,"date":"2018-08-09T21:27:30","date_gmt":"2018-08-10T00:27:30","guid":{"rendered":"http:\/\/caririemacao.com\/1\/?p=60784"},"modified":"2018-08-09T21:27:30","modified_gmt":"2018-08-10T00:27:30","slug":"ao-lado-de-veneziano-joao-registra-candidatura-no-tre-e-defende-campanha-eleitoral-propositiva","status":"publish","type":"post","link":"https:\/\/www.caririemacao.com\/1\/2018\/08\/09\/ao-lado-de-veneziano-joao-registra-candidatura-no-tre-e-defende-campanha-eleitoral-propositiva\/","title":{"rendered":"Ao lado de Veneziano, Jo\u00e3o registra candidatura no TRE e defende campanha eleitoral propositiva"},"content":{"rendered":"<div class=\"td-header-wrap td-header-style-8\">\n<div class=\"td-header-menu-wrap-full td-container-wrap \">\n<div class=\"td-header-menu-wrap td-header-gradient td-affix\">\n<div class=\"td-container\">\n<div class=\"td-header-row td-header-main-menu\">\n<div id=\"td-header-menu\" role=\"navigation\">\n<div class=\"td-main-menu-logo td-logo-in-header td-logo-sticky\">O candidato do PSB ao Governo do Estado, Jo\u00e3o Azev\u00eado, formalizou, no final da tarde desta quinta-feira, (9), no edif\u00edcio-sede do Tribunal Regional Eleitoral da Para\u00edba (TRE-PB), em Jo\u00e3o Pessoa, o registro de sua chapa, composta tamb\u00e9m pela pedetista L\u00edgia Feliciano, como candidata \u00e0 vice-governadora, e pelos deputados federais Veneziano Vital do R\u00eago (PSB) e Luiz Couto (PT), como candidatos ao Senado. Em entrevista \u00e0 imprensa, Jo\u00e3o falou sobre as prioridades do seu plano de governo e defendeu uma campanha propositiva.<\/div>\n<\/div>\n<\/div>\n<\/div>\n<\/div>\n<\/div>\n<\/div>\n<article id=\"post-122591\" class=\"td-post-template-7 post-122591 post type-post status-publish format-standard has-post-thumbnail hentry category-politica tag-destaque td-container-wrap\">\n<div class=\"td-container\">\n<div class=\"td-pb-row\">\n<div class=\"td-pb-span8 td-main-content\" role=\"main\">\n<div class=\"td-ss-main-content\">\n<div class=\"td-post-content\">\n<p>\u201cEsse \u00e9 mais um passo na constru\u00e7\u00e3o que estamos fazendo e que culmina com o registro oficial da candidatura. N\u00f3s esperamos ter a capacidade e a cren\u00e7a que Deus nos ajude a atingir nossa meta, que \u00e9 mostrar ao povo da Para\u00edba que esse projeto \u00e9 importante e que, por isso, ele precisa continuar em benef\u00edcio de todos os paraibanos\u201d, disse Jo\u00e3o Azev\u00eado.<\/p>\n<\/div>\n<\/div>\n<p>&nbsp;<\/p>\n<p><strong>Para\u00edba J\u00e1\/Foto: Reprodu\u00e7\u00e3o\u00a0<\/strong><\/p>\n<p>Cariri Em A\u00e7\u00e3o<\/p>\n<p>Leia mais not\u00edcias em\u00a0<a href=\"http:\/\/www.caririemacao.com\/\">caririemacao.com<\/a>, siga nossa p\u00e1gina no\u00a0<a href=\"https:\/\/www.facebook.com\/CaririEmAcao\/?ref=aymt_homepage_panel\">Facebook<\/a>,\u00a0<a href=\"https:\/\/www.instagram.com\/cariri_em_acao\/?hl=pt-br\">Instagram<\/a>\u00a0e\u00a0<a href=\"https:\/\/www.youtube.com\/channel\/UCAptA0jQuYQy8vMhLt2m4qg\">Youtube<\/a>\u00a0e veja nossas mat\u00e9rias, v\u00eddeos e fotos. Voc\u00ea tamb\u00e9m pode enviar informa\u00e7\u00f5es \u00e0 Reda\u00e7\u00e3o do Portal Cariri em A\u00e7\u00e3o pelo WhatsApp (83) 9 9634.5791, (83) 9 9601-1162.<\/p>\n<\/div>\n<\/div>\n<\/div>\n<\/article>\n","protected":false},"excerpt":{"rendered":"<p>O candidato do PSB ao Governo do Estado, Jo\u00e3o Azev\u00eado, formalizou, no final da tarde desta quinta-feira, (9), no edif\u00edcio-sede do Tribunal Regional Eleitoral da&hellip; <\/p>\n","protected":false},"author":1,"featured_media":60785,"comment_status":"closed","ping_status":"closed","sticky":false,"template":"","format":"standard","meta":{"sfsi_plus_gutenberg_text_before_share":"","sfsi_plus_gutenberg_show_text_before_share":"","sfsi_plus_gutenberg_icon_type":"","sfsi_plus_gutenberg_icon_alignemt":"","sfsi_plus_gutenburg_max_per_row":"","footnotes":""},"categories":[1],"tags":[],"class_list":["post-60784","post","type-post","status-publish","format-standard","has-post-thumbnail","hentry","category-o-site"],"_links":{"self":[{"href":"https:\/\/www.caririemacao.com\/1\/wp-json\/wp\/v2\/posts\/60784","targetHints":{"allow":["GET"]}}],"collection":[{"href":"https:\/\/www.caririemacao.com\/1\/wp-json\/wp\/v2\/posts"}],"about":[{"href":"https:\/\/www.caririemacao.com\/1\/wp-json\/wp\/v2\/types\/post"}],"author":[{"embeddable":true,"href":"https:\/\/www.caririemacao.com\/1\/wp-json\/wp\/v2\/users\/1"}],"replies":[{"embeddable":true,"href":"https:\/\/www.caririemacao.com\/1\/wp-json\/wp\/v2\/comments?post=60784"}],"version-history":[{"count":1,"href":"https:\/\/www.caririemacao.com\/1\/wp-json\/wp\/v2\/posts\/60784\/revisions"}],"predecessor-version":[{"id":60786,"href":"https:\/\/www.caririemacao.com\/1\/wp-json\/wp\/v2\/posts\/60784\/revisions\/60786"}],"wp:featuredmedia":[{"embeddable":true,"href":"https:\/\/www.caririemacao.com\/1\/wp-json\/wp\/v2\/media\/60785"}],"wp:attachment":[{"href":"https:\/\/www.caririemacao.com\/1\/wp-json\/wp\/v2\/media?parent=60784"}],"wp:term":[{"taxonomy":"category","embeddable":true,"href":"https:\/\/www.caririemacao.com\/1\/wp-json\/wp\/v2\/categories?post=60784"},{"taxonomy":"post_tag","embeddable":true,"href":"https:\/\/www.caririemacao.com\/1\/wp-json\/wp\/v2\/tags?post=60784"}],"curies":[{"name":"wp","href":"https:\/\/api.w.org\/{rel}","templated":true}]}}