{"id":60791,"date":"2018-08-09T21:57:48","date_gmt":"2018-08-10T00:57:48","guid":{"rendered":"http:\/\/caririemacao.com\/1\/?p=60791"},"modified":"2018-08-09T21:57:48","modified_gmt":"2018-08-10T00:57:48","slug":"prefeitura-de-sume-realiza-encontro-de-formacao-para-apresentar-metodologia-do-programa-busca-ativa-escolar","status":"publish","type":"post","link":"https:\/\/www.caririemacao.com\/1\/2018\/08\/09\/prefeitura-de-sume-realiza-encontro-de-formacao-para-apresentar-metodologia-do-programa-busca-ativa-escolar\/","title":{"rendered":"Prefeitura de Sum\u00e9 realiza encontro de forma\u00e7\u00e3o para apresentar metodologia do Programa Busca Ativa Escolar"},"content":{"rendered":"<p>A Secretaria da Educa\u00e7\u00e3o de Sum\u00e9 realizou nesta quarta-feira (08\/08) o 1\u00ba Encontro de Forma\u00e7\u00e3o Intersetorial da Busca Ativa Escolar para a apresenta\u00e7\u00e3o da metodologia social e da ferramenta tecnol\u00f3gica.<\/p>\n<p>A Prefeitura Municipal de Sum\u00e9 fez a ades\u00e3o, e a Secretaria da Educa\u00e7\u00e3o deu in\u00edcio ao trabalho de mobiliza\u00e7\u00e3o junto \u00e0s demais Secretarias Municipais contando com as presen\u00e7as de representantes de v\u00e1rios segmentos da Educa\u00e7\u00e3o, Assist\u00eancia Social, Sa\u00fade, Obras e servi\u00e7os Urbanos.<\/p>\n<p><a href=\"http:\/\/www.sume.pb.gov.br\/wp-content\/uploads\/2018\/08\/38763025_1071562206342660_4979625129257467904_n.jpg\" data-slb-active=\"1\" data-slb-asset=\"77056494\" data-slb-internal=\"0\" data-slb-group=\"5814\"><img fetchpriority=\"high\" decoding=\"async\" class=\"wp-image-5815  aligncenter\" src=\"http:\/\/www.sume.pb.gov.br\/wp-content\/uploads\/2018\/08\/38763025_1071562206342660_4979625129257467904_n.jpg\" sizes=\"(max-width: 603px) 100vw, 603px\" srcset=\"http:\/\/www.sume.pb.gov.br\/wp-content\/uploads\/2018\/08\/38763025_1071562206342660_4979625129257467904_n.jpg 960w, http:\/\/www.sume.pb.gov.br\/wp-content\/uploads\/2018\/08\/38763025_1071562206342660_4979625129257467904_n-300x169.jpg 300w, http:\/\/www.sume.pb.gov.br\/wp-content\/uploads\/2018\/08\/38763025_1071562206342660_4979625129257467904_n-768x432.jpg 768w\" alt=\"\" width=\"603\" height=\"339\" \/><\/a><\/p>\n<p>O UNICEF, em parceria com a Uni\u00e3o Nacional dos Dirigentes Municipais de Educa\u00e7\u00e3o (Undime), o Colegiado Nacional de Gestores Municipais de Assist\u00eancia Social (Congemas) e o Instituto TIM, desenvolveram a Busca Ativa Escolar que \u00e9 uma metodologia social e uma ferramenta tecnol\u00f3gica gratuitas, que permitem ao poder p\u00fablico identificar crian\u00e7as e adolescentes fora da escola e acionar diferentes \u00e1reas para garantir que consigam se matricular e permanecer na escola.<\/p>\n<p><a href=\"http:\/\/www.sume.pb.gov.br\/wp-content\/uploads\/2018\/08\/38801616_224362124921897_5998806987263967232_n.jpg\" data-slb-active=\"1\" data-slb-asset=\"1829075189\" data-slb-internal=\"0\" data-slb-group=\"5814\"><img decoding=\"async\" class=\"wp-image-5817  aligncenter lazyload\" data-src=\"http:\/\/www.sume.pb.gov.br\/wp-content\/uploads\/2018\/08\/38801616_224362124921897_5998806987263967232_n.jpg\" data-sizes=\"(max-width: 601px) 100vw, 601px\" data-srcset=\"http:\/\/www.sume.pb.gov.br\/wp-content\/uploads\/2018\/08\/38801616_224362124921897_5998806987263967232_n.jpg 960w, http:\/\/www.sume.pb.gov.br\/wp-content\/uploads\/2018\/08\/38801616_224362124921897_5998806987263967232_n-300x169.jpg 300w, http:\/\/www.sume.pb.gov.br\/wp-content\/uploads\/2018\/08\/38801616_224362124921897_5998806987263967232_n-768x432.jpg 768w\" alt=\"\" width=\"601\" height=\"338\" src=\"data:image\/svg+xml;base64,PHN2ZyB3aWR0aD0iMSIgaGVpZ2h0PSIxIiB4bWxucz0iaHR0cDovL3d3dy53My5vcmcvMjAwMC9zdmciPjwvc3ZnPg==\" style=\"--smush-placeholder-width: 601px; --smush-placeholder-aspect-ratio: 601\/338;\" \/><\/a><\/p>\n<p>Essa metodologia social contribuir\u00e1 tamb\u00e9m para atender o que determina os Planos Nacional e Municipal de Educa\u00e7\u00e3o quanto ao cumprimento das metas e as suas estrat\u00e9gias.<\/p>\n<p>O pr\u00f3ximo passo ser\u00e1 constituir o Comit\u00ea Gestor que abranger\u00e1 al\u00e9m das Secretarias municipais, outras institui\u00e7\u00f5es e \/ ou organiza\u00e7\u00f5es da sociedade civil ligadas direta ou indiretamente ao campo da inf\u00e2ncia e adolesc\u00eancia no munic\u00edpio.<\/p>\n<p>&nbsp;<\/p>\n<p><strong>Ascom\/PMS<\/strong><\/p>\n<p>Cariri Em A\u00e7\u00e3o<\/p>\n<p>Leia mais not\u00edcias em\u00a0<a href=\"http:\/\/www.caririemacao.com\/\">caririemacao.com<\/a>, siga nossa p\u00e1gina no\u00a0<a href=\"https:\/\/www.facebook.com\/CaririEmAcao\/?ref=aymt_homepage_panel\">Facebook<\/a>,\u00a0<a href=\"https:\/\/www.instagram.com\/cariri_em_acao\/?hl=pt-br\">Instagram<\/a>\u00a0e\u00a0<a href=\"https:\/\/www.youtube.com\/channel\/UCAptA0jQuYQy8vMhLt2m4qg\">Youtube<\/a>\u00a0e veja nossas mat\u00e9rias, v\u00eddeos e fotos. Voc\u00ea tamb\u00e9m pode enviar informa\u00e7\u00f5es \u00e0 Reda\u00e7\u00e3o do Portal Cariri em A\u00e7\u00e3o pelo WhatsApp (83) 9 9634.5791, (83) 9 9601-1162.<\/p>\n","protected":false},"excerpt":{"rendered":"<p>A Secretaria da Educa\u00e7\u00e3o de Sum\u00e9 realizou nesta quarta-feira (08\/08) o 1\u00ba Encontro de Forma\u00e7\u00e3o Intersetorial da Busca Ativa Escolar para a apresenta\u00e7\u00e3o da metodologia&hellip; <\/p>\n","protected":false},"author":1,"featured_media":47442,"comment_status":"closed","ping_status":"closed","sticky":false,"template":"","format":"standard","meta":{"sfsi_plus_gutenberg_text_before_share":"","sfsi_plus_gutenberg_show_text_before_share":"","sfsi_plus_gutenberg_icon_type":"","sfsi_plus_gutenberg_icon_alignemt":"","sfsi_plus_gutenburg_max_per_row":"","footnotes":""},"categories":[11],"tags":[],"class_list":["post-60791","post","type-post","status-publish","format-standard","has-post-thumbnail","hentry","category-politica"],"_links":{"self":[{"href":"https:\/\/www.caririemacao.com\/1\/wp-json\/wp\/v2\/posts\/60791","targetHints":{"allow":["GET"]}}],"collection":[{"href":"https:\/\/www.caririemacao.com\/1\/wp-json\/wp\/v2\/posts"}],"about":[{"href":"https:\/\/www.caririemacao.com\/1\/wp-json\/wp\/v2\/types\/post"}],"author":[{"embeddable":true,"href":"https:\/\/www.caririemacao.com\/1\/wp-json\/wp\/v2\/users\/1"}],"replies":[{"embeddable":true,"href":"https:\/\/www.caririemacao.com\/1\/wp-json\/wp\/v2\/comments?post=60791"}],"version-history":[{"count":1,"href":"https:\/\/www.caririemacao.com\/1\/wp-json\/wp\/v2\/posts\/60791\/revisions"}],"predecessor-version":[{"id":60792,"href":"https:\/\/www.caririemacao.com\/1\/wp-json\/wp\/v2\/posts\/60791\/revisions\/60792"}],"wp:featuredmedia":[{"embeddable":true,"href":"https:\/\/www.caririemacao.com\/1\/wp-json\/wp\/v2\/media\/47442"}],"wp:attachment":[{"href":"https:\/\/www.caririemacao.com\/1\/wp-json\/wp\/v2\/media?parent=60791"}],"wp:term":[{"taxonomy":"category","embeddable":true,"href":"https:\/\/www.caririemacao.com\/1\/wp-json\/wp\/v2\/categories?post=60791"},{"taxonomy":"post_tag","embeddable":true,"href":"https:\/\/www.caririemacao.com\/1\/wp-json\/wp\/v2\/tags?post=60791"}],"curies":[{"name":"wp","href":"https:\/\/api.w.org\/{rel}","templated":true}]}}