{"id":60794,"date":"2018-08-09T23:13:03","date_gmt":"2018-08-10T02:13:03","guid":{"rendered":"http:\/\/caririemacao.com\/1\/?p=60794"},"modified":"2018-08-09T23:13:03","modified_gmt":"2018-08-10T02:13:03","slug":"camalau-inicia-inscricoes-do-programa-garantia-safra","status":"publish","type":"post","link":"https:\/\/www.caririemacao.com\/1\/2018\/08\/09\/camalau-inicia-inscricoes-do-programa-garantia-safra\/","title":{"rendered":"Camala\u00fa inicia inscri\u00e7\u00f5es do Programa Garantia Safra"},"content":{"rendered":"<p>A Secretaria de Agricultura de Camala\u00fa, Emater, Sindicato dos Trabalhadores Rurais e CMDRS comunicam a todos os agricultores familiares que as inscri\u00e7\u00f5es do Programa Garanta Safra 2018\/2019 j\u00e1 foram iniciadas desde o dia 06\/08 e encerram-se no dia 17 deste m\u00eas.<\/p>\n<p>Confira o cronograma das localidades do dia 10 a 17\/08:<\/p>\n<p><strong>Dia 10\/08 <\/strong><\/p>\n<p>Manh\u00e3: Grupo Escolar do S\u00edtio Ro\u00e7a Velha<\/p>\n<p>Tarde: S\u00edtio do Meio<\/p>\n<p><strong>Dia 13\/08 <\/strong><\/p>\n<p>Manh\u00e3: S\u00edtio Ro\u00e7a Nova<\/p>\n<p>Tarde: Grupo Escolar do S\u00edtio Sal\u00e3o<\/p>\n<p><strong>Dia 14\/08 <\/strong><\/p>\n<p>Manh\u00e3: Sal\u00e3o Paroquial do distrito de Pindur\u00e3o<\/p>\n<p><strong>Dia 15\/08 <\/strong><\/p>\n<p>Manh\u00e3: Grupo Escolar do S\u00edtio Moc\u00f3<\/p>\n<p>Tarde: Grupo Escolar do S\u00edtio Porteiras<\/p>\n<p><strong>Dia 16\/08 <\/strong><\/p>\n<p>Manh\u00e3: Grupo Escolar do S\u00edtio Madeira<\/p>\n<p><strong>Dia 17\/08 <\/strong><\/p>\n<p>Manh\u00e3: Sede do Assentamento Novo Mundo (dando oportunidade aos agricultores que por algum motivo n\u00e3o conseguiram se inscrever em sua comunidade)<\/p>\n<p>O secret\u00e1rio N\u00eago M\u00f4co lembra que a rela\u00e7\u00e3o da documenta\u00e7\u00e3o exigida encontra-se na Secretaria de Agricultura do munic\u00edpio.<\/p>\n","protected":false},"excerpt":{"rendered":"<p>A Secretaria de Agricultura de Camala\u00fa, Emater, Sindicato dos Trabalhadores Rurais e CMDRS comunicam a todos os agricultores familiares que as inscri\u00e7\u00f5es do Programa Garanta&hellip; <\/p>\n","protected":false},"author":2,"featured_media":14763,"comment_status":"closed","ping_status":"closed","sticky":false,"template":"","format":"standard","meta":{"sfsi_plus_gutenberg_text_before_share":"","sfsi_plus_gutenberg_show_text_before_share":"","sfsi_plus_gutenberg_icon_type":"","sfsi_plus_gutenberg_icon_alignemt":"","sfsi_plus_gutenburg_max_per_row":"","footnotes":""},"categories":[6],"tags":[],"class_list":["post-60794","post","type-post","status-publish","format-standard","has-post-thumbnail","hentry","category-cidades"],"_links":{"self":[{"href":"https:\/\/www.caririemacao.com\/1\/wp-json\/wp\/v2\/posts\/60794","targetHints":{"allow":["GET"]}}],"collection":[{"href":"https:\/\/www.caririemacao.com\/1\/wp-json\/wp\/v2\/posts"}],"about":[{"href":"https:\/\/www.caririemacao.com\/1\/wp-json\/wp\/v2\/types\/post"}],"author":[{"embeddable":true,"href":"https:\/\/www.caririemacao.com\/1\/wp-json\/wp\/v2\/users\/2"}],"replies":[{"embeddable":true,"href":"https:\/\/www.caririemacao.com\/1\/wp-json\/wp\/v2\/comments?post=60794"}],"version-history":[{"count":1,"href":"https:\/\/www.caririemacao.com\/1\/wp-json\/wp\/v2\/posts\/60794\/revisions"}],"predecessor-version":[{"id":60795,"href":"https:\/\/www.caririemacao.com\/1\/wp-json\/wp\/v2\/posts\/60794\/revisions\/60795"}],"wp:featuredmedia":[{"embeddable":true,"href":"https:\/\/www.caririemacao.com\/1\/wp-json\/wp\/v2\/media\/14763"}],"wp:attachment":[{"href":"https:\/\/www.caririemacao.com\/1\/wp-json\/wp\/v2\/media?parent=60794"}],"wp:term":[{"taxonomy":"category","embeddable":true,"href":"https:\/\/www.caririemacao.com\/1\/wp-json\/wp\/v2\/categories?post=60794"},{"taxonomy":"post_tag","embeddable":true,"href":"https:\/\/www.caririemacao.com\/1\/wp-json\/wp\/v2\/tags?post=60794"}],"curies":[{"name":"wp","href":"https:\/\/api.w.org\/{rel}","templated":true}]}}