{"id":60796,"date":"2018-08-09T23:16:22","date_gmt":"2018-08-10T02:16:22","guid":{"rendered":"http:\/\/caririemacao.com\/1\/?p=60796"},"modified":"2018-08-09T23:17:55","modified_gmt":"2018-08-10T02:17:55","slug":"dois-casais-sao-assaltado-em-monteiro","status":"publish","type":"post","link":"https:\/\/www.caririemacao.com\/1\/2018\/08\/09\/dois-casais-sao-assaltado-em-monteiro\/","title":{"rendered":"Dois casais s\u00e3o assaltados em Monteiro"},"content":{"rendered":"<p>Na noite desta quinta-feira (09), dois homens em uma moto usando capacete assaltaram \u00a0dois casais pr\u00f3ximo ao col\u00e9gio Jo\u00e3o de Oliveira Chaves, em Monteiro no Cariri Paraibano.<\/p>\n<p>Segundo informa\u00e7\u00f5es, eles chegaram e anunciaram o assalto tomando 4 celulares das v\u00edtimas que seguiam na rua Sizernande Rafael ap\u00f3s um evento.<\/p>\n<p>hora1pb<\/p>\n","protected":false},"excerpt":{"rendered":"<p>Na noite desta quinta-feira (09), dois homens em uma moto usando capacete assaltaram \u00a0dois casais pr\u00f3ximo ao col\u00e9gio Jo\u00e3o de Oliveira Chaves, em Monteiro no&hellip; <\/p>\n","protected":false},"author":2,"featured_media":15928,"comment_status":"closed","ping_status":"closed","sticky":false,"template":"","format":"standard","meta":{"sfsi_plus_gutenberg_text_before_share":"","sfsi_plus_gutenberg_show_text_before_share":"","sfsi_plus_gutenberg_icon_type":"","sfsi_plus_gutenberg_icon_alignemt":"","sfsi_plus_gutenburg_max_per_row":"","footnotes":""},"categories":[12],"tags":[],"class_list":["post-60796","post","type-post","status-publish","format-standard","has-post-thumbnail","hentry","category-policia"],"_links":{"self":[{"href":"https:\/\/www.caririemacao.com\/1\/wp-json\/wp\/v2\/posts\/60796","targetHints":{"allow":["GET"]}}],"collection":[{"href":"https:\/\/www.caririemacao.com\/1\/wp-json\/wp\/v2\/posts"}],"about":[{"href":"https:\/\/www.caririemacao.com\/1\/wp-json\/wp\/v2\/types\/post"}],"author":[{"embeddable":true,"href":"https:\/\/www.caririemacao.com\/1\/wp-json\/wp\/v2\/users\/2"}],"replies":[{"embeddable":true,"href":"https:\/\/www.caririemacao.com\/1\/wp-json\/wp\/v2\/comments?post=60796"}],"version-history":[{"count":2,"href":"https:\/\/www.caririemacao.com\/1\/wp-json\/wp\/v2\/posts\/60796\/revisions"}],"predecessor-version":[{"id":60798,"href":"https:\/\/www.caririemacao.com\/1\/wp-json\/wp\/v2\/posts\/60796\/revisions\/60798"}],"wp:featuredmedia":[{"embeddable":true,"href":"https:\/\/www.caririemacao.com\/1\/wp-json\/wp\/v2\/media\/15928"}],"wp:attachment":[{"href":"https:\/\/www.caririemacao.com\/1\/wp-json\/wp\/v2\/media?parent=60796"}],"wp:term":[{"taxonomy":"category","embeddable":true,"href":"https:\/\/www.caririemacao.com\/1\/wp-json\/wp\/v2\/categories?post=60796"},{"taxonomy":"post_tag","embeddable":true,"href":"https:\/\/www.caririemacao.com\/1\/wp-json\/wp\/v2\/tags?post=60796"}],"curies":[{"name":"wp","href":"https:\/\/api.w.org\/{rel}","templated":true}]}}