{"id":60801,"date":"2018-08-09T23:42:16","date_gmt":"2018-08-10T02:42:16","guid":{"rendered":"http:\/\/caririemacao.com\/1\/?p=60801"},"modified":"2018-08-09T23:43:05","modified_gmt":"2018-08-10T02:43:05","slug":"acidente-deixa-duas-vitimas-fatais-em-serra-branca","status":"publish","type":"post","link":"https:\/\/www.caririemacao.com\/1\/2018\/08\/09\/acidente-deixa-duas-vitimas-fatais-em-serra-branca\/","title":{"rendered":"Acidente deixa duas v\u00edtimas fatais em Serra Branca"},"content":{"rendered":"<p>Uma grave colis\u00e3o envolvendo duas motos deixou duas pessoas mortas em Serra Branca, no Cariri Paraibano. O acidente aconteceu na entrada de Serra Branca.<\/p>\n<p>Os dois foram socorridos para o Hospital de Serra Branca, mas n\u00e3o resistiram e vieram a \u00f3bito.<\/p>\n<p>As v\u00edtimas s\u00e3o Erivaldo Soares J\u00fanior e um jovem de S\u00e3o Jo\u00e3o do Cariri que residia em Serra Branca. Ainda n\u00e3o h\u00e1 informa\u00e7\u00f5es do nome da segunda v\u00edtima.<\/p>\n<p>&nbsp;<\/p>\n<p>Foto: Kleberson Wanderlei<\/p>\n","protected":false},"excerpt":{"rendered":"<p>Uma grave colis\u00e3o envolvendo duas motos deixou duas pessoas mortas em Serra Branca, no Cariri Paraibano. O acidente aconteceu na entrada de Serra Branca. Os&hellip; <\/p>\n","protected":false},"author":2,"featured_media":60804,"comment_status":"closed","ping_status":"closed","sticky":false,"template":"","format":"standard","meta":{"sfsi_plus_gutenberg_text_before_share":"","sfsi_plus_gutenberg_show_text_before_share":"","sfsi_plus_gutenberg_icon_type":"","sfsi_plus_gutenberg_icon_alignemt":"","sfsi_plus_gutenburg_max_per_row":"","footnotes":""},"categories":[12],"tags":[],"class_list":["post-60801","post","type-post","status-publish","format-standard","has-post-thumbnail","hentry","category-policia"],"_links":{"self":[{"href":"https:\/\/www.caririemacao.com\/1\/wp-json\/wp\/v2\/posts\/60801","targetHints":{"allow":["GET"]}}],"collection":[{"href":"https:\/\/www.caririemacao.com\/1\/wp-json\/wp\/v2\/posts"}],"about":[{"href":"https:\/\/www.caririemacao.com\/1\/wp-json\/wp\/v2\/types\/post"}],"author":[{"embeddable":true,"href":"https:\/\/www.caririemacao.com\/1\/wp-json\/wp\/v2\/users\/2"}],"replies":[{"embeddable":true,"href":"https:\/\/www.caririemacao.com\/1\/wp-json\/wp\/v2\/comments?post=60801"}],"version-history":[{"count":2,"href":"https:\/\/www.caririemacao.com\/1\/wp-json\/wp\/v2\/posts\/60801\/revisions"}],"predecessor-version":[{"id":60806,"href":"https:\/\/www.caririemacao.com\/1\/wp-json\/wp\/v2\/posts\/60801\/revisions\/60806"}],"wp:featuredmedia":[{"embeddable":true,"href":"https:\/\/www.caririemacao.com\/1\/wp-json\/wp\/v2\/media\/60804"}],"wp:attachment":[{"href":"https:\/\/www.caririemacao.com\/1\/wp-json\/wp\/v2\/media?parent=60801"}],"wp:term":[{"taxonomy":"category","embeddable":true,"href":"https:\/\/www.caririemacao.com\/1\/wp-json\/wp\/v2\/categories?post=60801"},{"taxonomy":"post_tag","embeddable":true,"href":"https:\/\/www.caririemacao.com\/1\/wp-json\/wp\/v2\/tags?post=60801"}],"curies":[{"name":"wp","href":"https:\/\/api.w.org\/{rel}","templated":true}]}}